{"id":58883,"date":"2024-07-01T13:27:03","date_gmt":"2024-07-01T16:27:03","guid":{"rendered":"https:\/\/pinews.com.br\/?p=58883"},"modified":"2024-07-01T13:27:48","modified_gmt":"2024-07-01T16:27:48","slug":"auxiliar-de-limpeza-morre-apos-colidir-motocicleta-contra-traseira-de-caminhao-na-br-316-no-piaui","status":"publish","type":"post","link":"https:\/\/pinews.com.br\/index.php\/2024\/07\/01\/auxiliar-de-limpeza-morre-apos-colidir-motocicleta-contra-traseira-de-caminhao-na-br-316-no-piaui\/","title":{"rendered":"Auxiliar de limpeza morre ap\u00f3s colidir motocicleta contra traseira de caminh\u00e3o na BR 316 no Piau\u00ed"},"content":{"rendered":"\n<p>Um motociclista morreu na manh\u00e3 desta segunda-feira (1\u00ba), na BR 316, ap\u00f3s se chocar contra a traseira de um caminh\u00e3o. O acidente aconteceu na regi\u00e3o do bairro Promorar, na zona Sul de Teresina, por volta das 11h50. Ele atuava como auxiliar de limpeza de uma empresa terceirizada.<\/p>\n\n\n\n<p>O motorista do caminh\u00e3o contou \u00e0 Pol\u00edcia Rodovi\u00e1ria Federal (PRF) que sentiu o impacto na traseira do seu ve\u00edculo e parou para ver o que havia acontecido.&nbsp;<\/p>\n\n\n\n<blockquote class=\"wp-block-quote\">\n<p>&#8220;Quando ele desceu do ve\u00edculo, viu que um motociclista havia se chocado contra a traseira do ve\u00edculo&#8221;, disse o inspetor Dovaldo, da PRF.<\/p>\n<\/blockquote>\n\n\n\n<p>Com o impacto, o para-choque do caminh\u00e3o ficou danificado. A motocicleta da v\u00edtima, tamb\u00e9m, ficou muito danificada. O motorista do caminh\u00e3o ficou no local do acidente e prestou esclarecimentos \u00e0 PRF.<\/p>\n\n\n\n<p>Colegas de trabalho da v\u00edtima chegaram ao local do acidente e o identificaram como David, 40 anos.&nbsp;Ele atuava como auxiliar de limpeza em um Hospital do Monte Castelo, por meio de uma empresa que terceiriza m\u00e3o de obra.&nbsp;A v\u00edtima reside no bairro Porto Alegre, tamb\u00e9m na zona Sul de Teresina.<\/p>\n\n\n\n<p>A PRF est\u00e1 isolando a \u00e1rea do acidente e o tr\u00e2nsito est\u00e1 restrito a duas vias, no sentido Centro &#8211; Sul.<\/p>\n\n\n\n<p><strong>Fonte:<strong>Adriana Magalh\u00e3es<\/strong><\/strong>\/ <strong>Cidade<\/strong> <strong>Verde<\/strong> <\/p>\n","protected":false},"excerpt":{"rendered":"<p>Um motociclista morreu na manh\u00e3 desta segunda-feira (1\u00ba), na BR 316, ap\u00f3s se chocar contra a traseira de um caminh\u00e3o. O acidente aconteceu na regi\u00e3o do bairro Promorar, na zona Sul de Teresina, por volta das 11h50. Ele atuava como auxiliar de limpeza de uma empresa terceirizada. O motorista do caminh\u00e3o contou \u00e0 Pol\u00edcia Rodovi\u00e1ria [&hellip;]<\/p>\n","protected":false},"author":4,"featured_media":58884,"comment_status":"open","ping_status":"open","sticky":false,"template":"","format":"standard","meta":{"beyondwords_generate_audio":"","beyondwords_project_id":"","beyondwords_podcast_id":"","beyondwords_hash":"","beyondwords_error_message":"","beyondwords_disabled":"","publish_post_to_speechkit":"","speechkit_generate_audio":"","speechkit_project_id":"","speechkit_podcast_id":"","speechkit_hash":"","speechkit_error_message":"","speechkit_disabled":"","speechkit_access_key":"","speechkit_error":"","speechkit_info":"","speechkit_response":"","speechkit_retries":"","_speechkit_link":"","_speechkit_text":""},"categories":[51,81],"tags":[5497,70,6616,403,188,300,294,44,5899,119,179,91,52,1122],"jetpack_featured_media_url":"https:\/\/pinews.com.br\/wp-content\/uploads\/2024\/07\/WhatsApp_Image_2024-07-01_at_12_48_10.jpeg","_links":{"self":[{"href":"https:\/\/pinews.com.br\/index.php\/wp-json\/wp\/v2\/posts\/58883"}],"collection":[{"href":"https:\/\/pinews.com.br\/index.php\/wp-json\/wp\/v2\/posts"}],"about":[{"href":"https:\/\/pinews.com.br\/index.php\/wp-json\/wp\/v2\/types\/post"}],"author":[{"embeddable":true,"href":"https:\/\/pinews.com.br\/index.php\/wp-json\/wp\/v2\/users\/4"}],"replies":[{"embeddable":true,"href":"https:\/\/pinews.com.br\/index.php\/wp-json\/wp\/v2\/comments?post=58883"}],"version-history":[{"count":2,"href":"https:\/\/pinews.com.br\/index.php\/wp-json\/wp\/v2\/posts\/58883\/revisions"}],"predecessor-version":[{"id":58886,"href":"https:\/\/pinews.com.br\/index.php\/wp-json\/wp\/v2\/posts\/58883\/revisions\/58886"}],"wp:featuredmedia":[{"embeddable":true,"href":"https:\/\/pinews.com.br\/index.php\/wp-json\/wp\/v2\/media\/58884"}],"wp:attachment":[{"href":"https:\/\/pinews.com.br\/index.php\/wp-json\/wp\/v2\/media?parent=58883"}],"wp:term":[{"taxonomy":"category","embeddable":true,"href":"https:\/\/pinews.com.br\/index.php\/wp-json\/wp\/v2\/categories?post=58883"},{"taxonomy":"post_tag","embeddable":true,"href":"https:\/\/pinews.com.br\/index.php\/wp-json\/wp\/v2\/tags?post=58883"}],"curies":[{"name":"wp","href":"https:\/\/api.w.org\/{rel}","templated":true}]}}