{"id":58912,"date":"2024-07-02T18:35:39","date_gmt":"2024-07-02T21:35:39","guid":{"rendered":"https:\/\/pinews.com.br\/?p=58912"},"modified":"2024-07-02T18:35:40","modified_gmt":"2024-07-02T21:35:40","slug":"motorista-fica-ferido-apos-tombar-cacamba-carregada-de-asfalto-no-piaui","status":"publish","type":"post","link":"https:\/\/pinews.com.br\/index.php\/2024\/07\/02\/motorista-fica-ferido-apos-tombar-cacamba-carregada-de-asfalto-no-piaui\/","title":{"rendered":"Motorista fica ferido ap\u00f3s tombar ca\u00e7amba carregada de asfalto no Piau\u00ed"},"content":{"rendered":"\n<p>Um acidente envolvendo uma ca\u00e7amba carregada de asfalto chamou a aten\u00e7\u00e3o pr\u00f3ximo \u00e0 Serraria do Tovinho, em Juazeiro do Piau\u00ed, na madrugada desta ter\u00e7a-feira (02\/07). Segundo informa\u00e7\u00f5es preliminares, o motorista identificado como Fabr\u00edcio perdeu o controle do ve\u00edculo ao tentar desviar de uma ultrapassagem, resultando no tombamento do ve\u00edculo. <\/p>\n\n\n\n<p>O propriet\u00e1rio da ca\u00e7amba, que vinha de Teresina, estava a caminho de uma obra de recupera\u00e7\u00e3o de asfalto na regi\u00e3o de Juazeiro do Piau\u00ed. Fabr\u00edcio sofreu les\u00f5es leves no acidente e foi inicialmente levado ao hospital de Castelo do Piau\u00ed. Posteriormente, ele foi transferido para Teresina para receber os cuidados m\u00e9dicos necess\u00e1rios.<\/p>\n\n\n\n<p>A din\u00e2mica completa do acidente ainda n\u00e3o foi esclarecida pelas autoridades. Populares que estavam presentes no local relataram que o ve\u00edculo envolvido era novo, o que aumentou a como\u00e7\u00e3o em torno do ocorrido. As investiga\u00e7\u00f5es sobre as causas exatas do tombamento est\u00e3o em andamento.<\/p>\n\n\n\n<p><strong>Fonte: 180 graus\/ Com informa\u00e7\u00f5es do Campo Maior em Foco<\/strong><\/p>\n","protected":false},"excerpt":{"rendered":"<p>Um acidente envolvendo uma ca\u00e7amba carregada de asfalto chamou a aten\u00e7\u00e3o pr\u00f3ximo \u00e0 Serraria do Tovinho, em Juazeiro do Piau\u00ed, na madrugada desta ter\u00e7a-feira (02\/07). Segundo informa\u00e7\u00f5es preliminares, o motorista identificado como Fabr\u00edcio perdeu o controle do ve\u00edculo ao tentar desviar de uma ultrapassagem, resultando no tombamento do ve\u00edculo. O propriet\u00e1rio da ca\u00e7amba, que vinha [&hellip;]<\/p>\n","protected":false},"author":4,"featured_media":58913,"comment_status":"open","ping_status":"open","sticky":false,"template":"","format":"standard","meta":{"beyondwords_generate_audio":"1","beyondwords_project_id":"","beyondwords_podcast_id":"","beyondwords_hash":"","beyondwords_error_message":"","beyondwords_disabled":"","publish_post_to_speechkit":"","speechkit_generate_audio":"","speechkit_project_id":"","speechkit_podcast_id":"","speechkit_hash":"","speechkit_error_message":"","speechkit_disabled":"","speechkit_access_key":"","speechkit_error":"","speechkit_info":"","speechkit_response":"","speechkit_retries":"","_speechkit_link":"","_speechkit_text":""},"categories":[51],"tags":[70,10241,54,5338,44,295,160,58,52,229],"jetpack_featured_media_url":"https:\/\/pinews.com.br\/wp-content\/uploads\/2024\/07\/thumbs_5658016134125504680.jpg","_links":{"self":[{"href":"https:\/\/pinews.com.br\/index.php\/wp-json\/wp\/v2\/posts\/58912"}],"collection":[{"href":"https:\/\/pinews.com.br\/index.php\/wp-json\/wp\/v2\/posts"}],"about":[{"href":"https:\/\/pinews.com.br\/index.php\/wp-json\/wp\/v2\/types\/post"}],"author":[{"embeddable":true,"href":"https:\/\/pinews.com.br\/index.php\/wp-json\/wp\/v2\/users\/4"}],"replies":[{"embeddable":true,"href":"https:\/\/pinews.com.br\/index.php\/wp-json\/wp\/v2\/comments?post=58912"}],"version-history":[{"count":1,"href":"https:\/\/pinews.com.br\/index.php\/wp-json\/wp\/v2\/posts\/58912\/revisions"}],"predecessor-version":[{"id":58914,"href":"https:\/\/pinews.com.br\/index.php\/wp-json\/wp\/v2\/posts\/58912\/revisions\/58914"}],"wp:featuredmedia":[{"embeddable":true,"href":"https:\/\/pinews.com.br\/index.php\/wp-json\/wp\/v2\/media\/58913"}],"wp:attachment":[{"href":"https:\/\/pinews.com.br\/index.php\/wp-json\/wp\/v2\/media?parent=58912"}],"wp:term":[{"taxonomy":"category","embeddable":true,"href":"https:\/\/pinews.com.br\/index.php\/wp-json\/wp\/v2\/categories?post=58912"},{"taxonomy":"post_tag","embeddable":true,"href":"https:\/\/pinews.com.br\/index.php\/wp-json\/wp\/v2\/tags?post=58912"}],"curies":[{"name":"wp","href":"https:\/\/api.w.org\/{rel}","templated":true}]}}