{"id":58999,"date":"2024-07-09T10:52:48","date_gmt":"2024-07-09T13:52:48","guid":{"rendered":"https:\/\/pinews.com.br\/?p=58999"},"modified":"2024-07-09T10:52:50","modified_gmt":"2024-07-09T13:52:50","slug":"pai-de-santo-suspeito-de-cortar-pulsos-do-filho-e-encontrado-morto-com-as-maos-e-pes-amarrados-no-piaui","status":"publish","type":"post","link":"https:\/\/pinews.com.br\/index.php\/2024\/07\/09\/pai-de-santo-suspeito-de-cortar-pulsos-do-filho-e-encontrado-morto-com-as-maos-e-pes-amarrados-no-piaui\/","title":{"rendered":"Pai de santo suspeito de cortar pulsos do filho \u00e9 encontrado morto com as m\u00e3os e p\u00e9s amarrados no Piau\u00ed"},"content":{"rendered":"\n<p>Nesta segunda-feira (08\/07), um homem identificado como F\u00e1bio Alves, de 39 anos, foi encontrado morto com os p\u00e9s e as m\u00e3os amarrados em sua resid\u00eancia na cidade de Altos, a 41 km de Teresina.<\/p>\n\n\n\n<p>Segundo informa\u00e7\u00f5es preliminares, F\u00e1bio foi preso em 28 de janeiro de 2024, acusado de tortura, maus-tratos contra crian\u00e7a, viol\u00eancia dom\u00e9stica f\u00edsica e psicol\u00f3gica contra a mulher, al\u00e9m de maus-tratos contra animal. Na \u00e9poca, al\u00e9m da pris\u00e3o, os policiais realizaram busca e apreens\u00e3o na resid\u00eancia onde ele morava com a esposa e os filhos, v\u00edtimas dos abusos.<\/p>\n\n\n\n<p>As investiga\u00e7\u00f5es revelaram que o acusado usava rituais religiosos para justificar a viol\u00eancia infligida \u00e0 sua esposa e aos seus filhos, dizendo estar incorporado por entidades esp\u00edritas que lhe ordenavam castig\u00e1-los com surras, cortes de faca, entre outros atos horrendos. Em um dos rituais, ele usou um punhal para cortar o pulso de um dos filhos e proibiu que ele recebesse atendimento m\u00e9dico.<\/p>\n\n\n\n<p>A pol\u00edcia est\u00e1 investigando as circunst\u00e2ncias da morte de F\u00e1bio.<\/p>\n\n\n\n<p><strong>Fonte: 180 graus<\/strong><\/p>\n","protected":false},"excerpt":{"rendered":"<p>Nesta segunda-feira (08\/07), um homem identificado como F\u00e1bio Alves, de 39 anos, foi encontrado morto com os p\u00e9s e as m\u00e3os amarrados em sua resid\u00eancia na cidade de Altos, a 41 km de Teresina. Segundo informa\u00e7\u00f5es preliminares, F\u00e1bio foi preso em 28 de janeiro de 2024, acusado de tortura, maus-tratos contra crian\u00e7a, viol\u00eancia dom\u00e9stica f\u00edsica [&hellip;]<\/p>\n","protected":false},"author":4,"featured_media":59000,"comment_status":"open","ping_status":"open","sticky":false,"template":"","format":"standard","meta":{"beyondwords_generate_audio":"","beyondwords_project_id":"","beyondwords_podcast_id":"","beyondwords_hash":"","beyondwords_error_message":"","beyondwords_disabled":"","publish_post_to_speechkit":"","speechkit_generate_audio":"","speechkit_project_id":"","speechkit_podcast_id":"","speechkit_hash":"","speechkit_error_message":"","speechkit_disabled":"","speechkit_access_key":"","speechkit_error":"","speechkit_info":"","speechkit_response":"","speechkit_retries":"","_speechkit_link":"","_speechkit_text":""},"categories":[51,78],"tags":[7547,5886,44,72,200,289,1926,197,290,919,52,12274,361,130],"jetpack_featured_media_url":"https:\/\/pinews.com.br\/wp-content\/uploads\/2024\/07\/1_2437833936017570992.jpg","_links":{"self":[{"href":"https:\/\/pinews.com.br\/index.php\/wp-json\/wp\/v2\/posts\/58999"}],"collection":[{"href":"https:\/\/pinews.com.br\/index.php\/wp-json\/wp\/v2\/posts"}],"about":[{"href":"https:\/\/pinews.com.br\/index.php\/wp-json\/wp\/v2\/types\/post"}],"author":[{"embeddable":true,"href":"https:\/\/pinews.com.br\/index.php\/wp-json\/wp\/v2\/users\/4"}],"replies":[{"embeddable":true,"href":"https:\/\/pinews.com.br\/index.php\/wp-json\/wp\/v2\/comments?post=58999"}],"version-history":[{"count":1,"href":"https:\/\/pinews.com.br\/index.php\/wp-json\/wp\/v2\/posts\/58999\/revisions"}],"predecessor-version":[{"id":59001,"href":"https:\/\/pinews.com.br\/index.php\/wp-json\/wp\/v2\/posts\/58999\/revisions\/59001"}],"wp:featuredmedia":[{"embeddable":true,"href":"https:\/\/pinews.com.br\/index.php\/wp-json\/wp\/v2\/media\/59000"}],"wp:attachment":[{"href":"https:\/\/pinews.com.br\/index.php\/wp-json\/wp\/v2\/media?parent=58999"}],"wp:term":[{"taxonomy":"category","embeddable":true,"href":"https:\/\/pinews.com.br\/index.php\/wp-json\/wp\/v2\/categories?post=58999"},{"taxonomy":"post_tag","embeddable":true,"href":"https:\/\/pinews.com.br\/index.php\/wp-json\/wp\/v2\/tags?post=58999"}],"curies":[{"name":"wp","href":"https:\/\/api.w.org\/{rel}","templated":true}]}}