{"id":59042,"date":"2024-07-11T18:21:07","date_gmt":"2024-07-11T21:21:07","guid":{"rendered":"https:\/\/pinews.com.br\/?p=59042"},"modified":"2024-07-11T18:21:09","modified_gmt":"2024-07-11T21:21:09","slug":"criminosos-encapuzados-invadem-residencia-no-piaui-e-executam-homem-com-varios-tiros","status":"publish","type":"post","link":"https:\/\/pinews.com.br\/index.php\/2024\/07\/11\/criminosos-encapuzados-invadem-residencia-no-piaui-e-executam-homem-com-varios-tiros\/","title":{"rendered":"Criminosos encapuzados invadem resid\u00eancia no Piau\u00ed e executam homem com v\u00e1rios tiros"},"content":{"rendered":"\n<p>Um homem de 30 anos, identificado como Jo\u00e3o Batista, foi executado com diversos tiros na tarde desta quinta-feira (11) no munic\u00edpio de Pedro II. Criminosos encapuzados invadiram a resid\u00eancia da v\u00edtima, localizada no bairro Villa Kolping, e efetuaram cerca de 20 disparos.<\/p>\n\n\n\n<p>Segundo informa\u00e7\u00f5es da 2\u00aa Companhia do 12\u00ba Batalh\u00e3o da Pol\u00edcia Militar do Piau\u00ed (12\u00b0 BPM-PI), familiares relataram que os executores chegaram ao local em um ve\u00edculo. A v\u00edtima ainda tentou fugir dos criminosos, mas foi perseguida e assassinada na cal\u00e7ada da casa.<\/p>\n\n\n\n<p>A \u00e1rea do crime foi isolada pela equipe do 12\u00b0 BPM-PI que atendeu a ocorr\u00eancia e a Pol\u00edcia Civil, respons\u00e1vel pela investiga\u00e7\u00e3o do caso, realizou os procedimentos preliminares de no local. O corpo da v\u00edtima foi recolhido pelo Instituto M\u00e9dico Legal (IML).<\/p>\n\n\n\n<p><strong>Fonte: Breno Moreno e Ney Silva\/ Cidade Verde<\/strong> <\/p>\n","protected":false},"excerpt":{"rendered":"<p>Um homem de 30 anos, identificado como Jo\u00e3o Batista, foi executado com diversos tiros na tarde desta quinta-feira (11) no munic\u00edpio de Pedro II. Criminosos encapuzados invadiram a resid\u00eancia da v\u00edtima, localizada no bairro Villa Kolping, e efetuaram cerca de 20 disparos. Segundo informa\u00e7\u00f5es da 2\u00aa Companhia do 12\u00ba Batalh\u00e3o da Pol\u00edcia Militar do Piau\u00ed [&hellip;]<\/p>\n","protected":false},"author":4,"featured_media":59043,"comment_status":"open","ping_status":"open","sticky":false,"template":"","format":"standard","meta":{"beyondwords_generate_audio":"1","beyondwords_project_id":"","beyondwords_podcast_id":"","beyondwords_hash":"","beyondwords_error_message":"","beyondwords_disabled":"","publish_post_to_speechkit":"","speechkit_generate_audio":"","speechkit_project_id":"","speechkit_podcast_id":"","speechkit_hash":"","speechkit_error_message":"","speechkit_disabled":"","speechkit_access_key":"","speechkit_error":"","speechkit_info":"","speechkit_response":"","speechkit_retries":"","_speechkit_link":"","_speechkit_text":""},"categories":[51,78],"tags":[243,1183,9533,84,487,52,324,165,166],"jetpack_featured_media_url":"https:\/\/pinews.com.br\/wp-content\/uploads\/2024\/07\/homem_executado_pedro_ii.jpg","_links":{"self":[{"href":"https:\/\/pinews.com.br\/index.php\/wp-json\/wp\/v2\/posts\/59042"}],"collection":[{"href":"https:\/\/pinews.com.br\/index.php\/wp-json\/wp\/v2\/posts"}],"about":[{"href":"https:\/\/pinews.com.br\/index.php\/wp-json\/wp\/v2\/types\/post"}],"author":[{"embeddable":true,"href":"https:\/\/pinews.com.br\/index.php\/wp-json\/wp\/v2\/users\/4"}],"replies":[{"embeddable":true,"href":"https:\/\/pinews.com.br\/index.php\/wp-json\/wp\/v2\/comments?post=59042"}],"version-history":[{"count":1,"href":"https:\/\/pinews.com.br\/index.php\/wp-json\/wp\/v2\/posts\/59042\/revisions"}],"predecessor-version":[{"id":59044,"href":"https:\/\/pinews.com.br\/index.php\/wp-json\/wp\/v2\/posts\/59042\/revisions\/59044"}],"wp:featuredmedia":[{"embeddable":true,"href":"https:\/\/pinews.com.br\/index.php\/wp-json\/wp\/v2\/media\/59043"}],"wp:attachment":[{"href":"https:\/\/pinews.com.br\/index.php\/wp-json\/wp\/v2\/media?parent=59042"}],"wp:term":[{"taxonomy":"category","embeddable":true,"href":"https:\/\/pinews.com.br\/index.php\/wp-json\/wp\/v2\/categories?post=59042"},{"taxonomy":"post_tag","embeddable":true,"href":"https:\/\/pinews.com.br\/index.php\/wp-json\/wp\/v2\/tags?post=59042"}],"curies":[{"name":"wp","href":"https:\/\/api.w.org\/{rel}","templated":true}]}}