{"id":59049,"date":"2024-07-11T18:26:01","date_gmt":"2024-07-11T21:26:01","guid":{"rendered":"https:\/\/pinews.com.br\/?p=59049"},"modified":"2024-07-11T18:26:03","modified_gmt":"2024-07-11T21:26:03","slug":"homem-e-preso-com-carga-ilegal-de-3561-macos-de-cigarros-no-piaui","status":"publish","type":"post","link":"https:\/\/pinews.com.br\/index.php\/2024\/07\/11\/homem-e-preso-com-carga-ilegal-de-3561-macos-de-cigarros-no-piaui\/","title":{"rendered":"Homem \u00e9 preso com carga ilegal de 3561 ma\u00e7os de cigarros no Piau\u00ed"},"content":{"rendered":"\n<p>Um homem foi preso em flagrante por transportar uma carga ilegal de 3561 ma\u00e7os de cigarros na BR-343, em Piripiri, no Norte do Piau\u00ed, nessa quarta-feira (10).<\/p>\n\n\n\n<p>Segundo o informado pela Pol\u00edcia Rodovi\u00e1ria Federal (PRF) ao\u00a0Meio News,\u00a0a pris\u00e3o e apreens\u00e3o ocorreram durante uma fiscaliza\u00e7\u00e3o de rotina, quando abordaram um carro Fiat\/Siena e durante a verifica\u00e7\u00e3o, foram\u00a0encontradas 07 caixas contendo, em cada caixa, um grande n\u00famero de ma\u00e7os de cigarros sem nota fiscal.<\/p>\n\n\n\n<p>Diante disso,\u00a0o condutor foi encaminhado para a Delegacia da Pol\u00edcia Federal na cidade de Parna\u00edba, onde ele foi autuado por crime de Descaminho, conforme Art. 334 do C\u00f3digo penal brasileiro, que consiste em\u00a0iludir, no todo ou em parte, o pagamento de direito ou imposto devido pela entrada, pela sa\u00edda ou pelo consumo de mercadoria.<\/p>\n\n\n\n<p>Caso seja condenado, ele pode pegar de 1 a 4 anos de pris\u00e3o.<\/p>\n\n\n\n<p><strong>Fonte: Meio News<\/strong><\/p>\n","protected":false},"excerpt":{"rendered":"<p>Um homem foi preso em flagrante por transportar uma carga ilegal de 3561 ma\u00e7os de cigarros na BR-343, em Piripiri, no Norte do Piau\u00ed, nessa quarta-feira (10). Segundo o informado pela Pol\u00edcia Rodovi\u00e1ria Federal (PRF) ao\u00a0Meio News,\u00a0a pris\u00e3o e apreens\u00e3o ocorreram durante uma fiscaliza\u00e7\u00e3o de rotina, quando abordaram um carro Fiat\/Siena e durante a verifica\u00e7\u00e3o, [&hellip;]<\/p>\n","protected":false},"author":4,"featured_media":59050,"comment_status":"open","ping_status":"open","sticky":false,"template":"","format":"standard","meta":{"beyondwords_generate_audio":"","beyondwords_project_id":"","beyondwords_podcast_id":"","beyondwords_hash":"","beyondwords_error_message":"","beyondwords_disabled":"","publish_post_to_speechkit":"","speechkit_generate_audio":"","speechkit_project_id":"","speechkit_podcast_id":"","speechkit_hash":"","speechkit_error_message":"","speechkit_disabled":"","speechkit_access_key":"","speechkit_error":"","speechkit_info":"","speechkit_response":"","speechkit_retries":"","_speechkit_link":"","_speechkit_text":""},"categories":[51,78],"tags":[12279,100,1300,44,72,84,101,6184,52,79],"jetpack_featured_media_url":"https:\/\/pinews.com.br\/wp-content\/uploads\/2024\/07\/homem-e-preso-com-carga-ilegal-de-3561-macos-de-cigarro-em-piripiri-fotos-fc50f293-ee33-467a-aedd-65d25037c02f.jpg.webp","_links":{"self":[{"href":"https:\/\/pinews.com.br\/index.php\/wp-json\/wp\/v2\/posts\/59049"}],"collection":[{"href":"https:\/\/pinews.com.br\/index.php\/wp-json\/wp\/v2\/posts"}],"about":[{"href":"https:\/\/pinews.com.br\/index.php\/wp-json\/wp\/v2\/types\/post"}],"author":[{"embeddable":true,"href":"https:\/\/pinews.com.br\/index.php\/wp-json\/wp\/v2\/users\/4"}],"replies":[{"embeddable":true,"href":"https:\/\/pinews.com.br\/index.php\/wp-json\/wp\/v2\/comments?post=59049"}],"version-history":[{"count":1,"href":"https:\/\/pinews.com.br\/index.php\/wp-json\/wp\/v2\/posts\/59049\/revisions"}],"predecessor-version":[{"id":59051,"href":"https:\/\/pinews.com.br\/index.php\/wp-json\/wp\/v2\/posts\/59049\/revisions\/59051"}],"wp:featuredmedia":[{"embeddable":true,"href":"https:\/\/pinews.com.br\/index.php\/wp-json\/wp\/v2\/media\/59050"}],"wp:attachment":[{"href":"https:\/\/pinews.com.br\/index.php\/wp-json\/wp\/v2\/media?parent=59049"}],"wp:term":[{"taxonomy":"category","embeddable":true,"href":"https:\/\/pinews.com.br\/index.php\/wp-json\/wp\/v2\/categories?post=59049"},{"taxonomy":"post_tag","embeddable":true,"href":"https:\/\/pinews.com.br\/index.php\/wp-json\/wp\/v2\/tags?post=59049"}],"curies":[{"name":"wp","href":"https:\/\/api.w.org\/{rel}","templated":true}]}}