{"id":59097,"date":"2024-07-14T20:55:59","date_gmt":"2024-07-14T23:55:59","guid":{"rendered":"https:\/\/pinews.com.br\/?p=59097"},"modified":"2024-07-14T20:56:02","modified_gmt":"2024-07-14T23:56:02","slug":"motociclista-morre-ao-colidir-com-paredao-de-som-em-cidade-do-piaui","status":"publish","type":"post","link":"https:\/\/pinews.com.br\/index.php\/2024\/07\/14\/motociclista-morre-ao-colidir-com-paredao-de-som-em-cidade-do-piaui\/","title":{"rendered":"Motociclista morre ao colidir com pared\u00e3o de som, em cidade do Piau\u00ed"},"content":{"rendered":"\n<p>Um motociclista\u00a0morreu\u00a0ao atingir um pared\u00e3o de som que era levado por um carro neste domingo (14) na rodovia PI-112, pr\u00f3ximo \u00e0 cidade de\u00a0Uni\u00e3o, no Piau\u00ed.\u00a0O nome dele n\u00e3o foi divulgado.<\/p>\n\n\n\n<p>Tr\u00eas acidentes diferentes marcaram a tarde deste domingo em\u00a0Uni\u00e3o\u00a0(leia mais abaixo).<\/p>\n\n\n\n<p>Ainda n\u00e3o se sabe ao certo como aconteceu o acidente. A moto e o carro que levava o pared\u00e3o trafegavam no mesmo sentido, e o motociclista teria colidido com o pared\u00e3o, que estava \u00e0 sua frente.<\/p>\n\n\n\n<p>O homem morreu no local, antes que pudesse ser socorrido. O motorista do carro que levava o pared\u00e3o n\u00e3o sofreu ferimentos.<\/p>\n\n\n\n<h2>Tr\u00eas acidentes graves no domingo (14)<\/h2>\n\n\n\n<figure class=\"wp-block-image\"><img decoding=\"async\" src=\"https:\/\/s2-g1.glbimg.com\/XFh1jCBZO4qCJOt2F9yimtAEdlo=\/0x0:689x634\/984x0\/smart\/filters:strip_icc()\/i.s3.glbimg.com\/v1\/AUTH_59edd422c0c84a879bd37670ae4f538a\/internal_photos\/bs\/2024\/S\/7\/31PRP6Q1iCwWWvXJ8D4w\/frigo.jpg\" alt=\"Motorista colide com port\u00e3o de frigor\u00edfico, em Uni\u00e3o (PI); cidade registrou tr\u00eas acidentes no domingo (14) \u2014 Foto: Reprodu\u00e7\u00e3o\"\/><figcaption class=\"wp-element-caption\">Motorista colide com port\u00e3o de frigor\u00edfico, em Uni\u00e3o (PI); cidade registrou tr\u00eas acidentes no domingo (14) \u2014 Foto: Reprodu\u00e7\u00e3o<\/figcaption><\/figure>\n\n\n\n<p>Outros dois acidentes aconteceram neste domingo em\u00a0Uni\u00e3o.<\/p>\n\n\n\n<p>No Centro, o motorista de um carro perdeu o controle do ve\u00edculo e colidiu contra o port\u00e3o de um frigor\u00edfico<strong>&nbsp;(foto acima)<\/strong>. A colis\u00e3o causou danos \u00e0 estrutura, e ainda danificou o balc\u00e3o e uma motocicleta que estava estacionada dentro do estabelecimento. Ningu\u00e9m ficou ferido, e o motorista fugiu do local.<\/p>\n\n\n\n<p>Em outro ponto da cidade, na Avenida 7 de Setembro, um motociclista ficou em estado grave ao sofrer um acidente&nbsp;<strong>(foto abaixo)<\/strong>. N\u00e3o se sabe ao certo como ele caiu.<\/p>\n\n\n\n<figure class=\"wp-block-image\"><img decoding=\"async\" src=\"https:\/\/s2-g1.glbimg.com\/PcsBoMwFua0DQJW1aNBMhND56po=\/0x0:899x578\/984x0\/smart\/filters:strip_icc()\/i.s3.glbimg.com\/v1\/AUTH_59edd422c0c84a879bd37670ae4f538a\/internal_photos\/bs\/2024\/X\/J\/BXgEJaS1uApyC5BgcfmQ\/whatsapp-image-2024-07-14-at-13.51.16.jpeg\" alt=\"Motociclista fica em estado grave ap\u00f3s acidente em Uni\u00e3o (PI); Cidade registrou tr\u00eas acidentes no domingo (14) \u2014 Foto: Reprodu\u00e7\u00e3o\"\/><figcaption class=\"wp-element-caption\">Motociclista fica em estado grave ap\u00f3s acidente em Uni\u00e3o (PI); Cidade registrou tr\u00eas acidentes no domingo (14) \u2014 Foto: Reprodu\u00e7\u00e3o<\/figcaption><\/figure>\n\n\n\n<p><strong>Fonte: G1 PI <\/strong><\/p>\n","protected":false},"excerpt":{"rendered":"<p>Um motociclista\u00a0morreu\u00a0ao atingir um pared\u00e3o de som que era levado por um carro neste domingo (14) na rodovia PI-112, pr\u00f3ximo \u00e0 cidade de\u00a0Uni\u00e3o, no Piau\u00ed.\u00a0O nome dele n\u00e3o foi divulgado. Tr\u00eas acidentes diferentes marcaram a tarde deste domingo em\u00a0Uni\u00e3o\u00a0(leia mais abaixo). Ainda n\u00e3o se sabe ao certo como aconteceu o acidente. A moto e o [&hellip;]<\/p>\n","protected":false},"author":4,"featured_media":59098,"comment_status":"open","ping_status":"open","sticky":false,"template":"","format":"standard","meta":{"beyondwords_generate_audio":"","beyondwords_project_id":"","beyondwords_podcast_id":"","beyondwords_hash":"","beyondwords_error_message":"","beyondwords_disabled":"","publish_post_to_speechkit":"","speechkit_generate_audio":"","speechkit_project_id":"","speechkit_podcast_id":"","speechkit_hash":"","speechkit_error_message":"","speechkit_disabled":"","speechkit_access_key":"","speechkit_error":"","speechkit_info":"","speechkit_response":"","speechkit_retries":"","_speechkit_link":"","_speechkit_text":""},"categories":[51],"tags":[132,63,300,44,46,119,296,6129,52,6130],"jetpack_featured_media_url":"https:\/\/pinews.com.br\/wp-content\/uploads\/2024\/07\/whatsapp-image-2024-07-14-at-17.54.41.jpeg","_links":{"self":[{"href":"https:\/\/pinews.com.br\/index.php\/wp-json\/wp\/v2\/posts\/59097"}],"collection":[{"href":"https:\/\/pinews.com.br\/index.php\/wp-json\/wp\/v2\/posts"}],"about":[{"href":"https:\/\/pinews.com.br\/index.php\/wp-json\/wp\/v2\/types\/post"}],"author":[{"embeddable":true,"href":"https:\/\/pinews.com.br\/index.php\/wp-json\/wp\/v2\/users\/4"}],"replies":[{"embeddable":true,"href":"https:\/\/pinews.com.br\/index.php\/wp-json\/wp\/v2\/comments?post=59097"}],"version-history":[{"count":1,"href":"https:\/\/pinews.com.br\/index.php\/wp-json\/wp\/v2\/posts\/59097\/revisions"}],"predecessor-version":[{"id":59099,"href":"https:\/\/pinews.com.br\/index.php\/wp-json\/wp\/v2\/posts\/59097\/revisions\/59099"}],"wp:featuredmedia":[{"embeddable":true,"href":"https:\/\/pinews.com.br\/index.php\/wp-json\/wp\/v2\/media\/59098"}],"wp:attachment":[{"href":"https:\/\/pinews.com.br\/index.php\/wp-json\/wp\/v2\/media?parent=59097"}],"wp:term":[{"taxonomy":"category","embeddable":true,"href":"https:\/\/pinews.com.br\/index.php\/wp-json\/wp\/v2\/categories?post=59097"},{"taxonomy":"post_tag","embeddable":true,"href":"https:\/\/pinews.com.br\/index.php\/wp-json\/wp\/v2\/tags?post=59097"}],"curies":[{"name":"wp","href":"https:\/\/api.w.org\/{rel}","templated":true}]}}