{"id":59132,"date":"2024-07-17T13:28:32","date_gmt":"2024-07-17T16:28:32","guid":{"rendered":"https:\/\/pinews.com.br\/?p=59132"},"modified":"2024-07-17T13:28:34","modified_gmt":"2024-07-17T16:28:34","slug":"jovem-morre-em-acidente-com-moto-e-caminhao-no-piaui","status":"publish","type":"post","link":"https:\/\/pinews.com.br\/index.php\/2024\/07\/17\/jovem-morre-em-acidente-com-moto-e-caminhao-no-piaui\/","title":{"rendered":"Jovem morre em acidente com moto e caminh\u00e3o no Piau\u00ed"},"content":{"rendered":"\n<p>Vitor Kewim Sousa leit\u00e3o morreu, na manh\u00e3 desta quarta-feira (17), em um acidente envolvendo uma moto e um caminh\u00e3o, no KM 344 da BR-343, pr\u00f3ximo ao Terminal de Petr\u00f3leo de\u00a0Teresina, na Zona Sudeste da capital.<\/p>\n\n\n\n<p>Conforme apurado pelo\u00a0g1\u00a0no local, o motociclista teria batido na traseira da carreta e morrido ainda no local. A Pol\u00edcia Rodovi\u00e1ria Federal foi acionada e interditou o trecho pr\u00f3ximo ao acidente, no sentido Zona Sudeste\/Leste.<\/p>\n\n\n\n<figure class=\"wp-block-image\"><img decoding=\"async\" src=\"https:\/\/s2-g1.glbimg.com\/Vfd_W-CjEGD6h713YIxGB9VT2VM=\/0x0:1599x899\/984x0\/smart\/filters:strip_icc()\/i.s3.glbimg.com\/v1\/AUTH_59edd422c0c84a879bd37670ae4f538a\/internal_photos\/bs\/2024\/Y\/N\/EVdZTeTYG45oYEKwBCsQ\/whatsapp-image-2024-07-17-at-11.25.37.jpeg\" alt=\"Homem morre em acidente com moto e caminh\u00e3o na Zona Sudeste de Teresina \u2014 Foto: Pedro Lima\/g1\"\/><figcaption class=\"wp-element-caption\">Homem morre em acidente com moto e caminh\u00e3o na Zona Sudeste de Teresina \u2014 Foto: Pedro Lima\/g1<\/figcaption><\/figure>\n\n\n\n<p>Um pequeno congestionamento come\u00e7ou a se formar no local, por conta da interdi\u00e7\u00e3o parcial e devido aos ve\u00edculos terem que passar pela contram\u00e3o para contornar a \u00e1rea do acidente.<\/p>\n\n\n\n<p>A situa\u00e7\u00e3o deve continuar at\u00e9 a conclus\u00e3o da per\u00edcia e a remo\u00e7\u00e3o do corpo pelo Instituto de Medicina Legal (IML).<\/p>\n\n\n\n<p><strong>Fonte: G1 PI <\/strong><\/p>\n","protected":false},"excerpt":{"rendered":"<p>Vitor Kewim Sousa leit\u00e3o morreu, na manh\u00e3 desta quarta-feira (17), em um acidente envolvendo uma moto e um caminh\u00e3o, no KM 344 da BR-343, pr\u00f3ximo ao Terminal de Petr\u00f3leo de\u00a0Teresina, na Zona Sudeste da capital. Conforme apurado pelo\u00a0g1\u00a0no local, o motociclista teria batido na traseira da carreta e morrido ainda no local. A Pol\u00edcia Rodovi\u00e1ria [&hellip;]<\/p>\n","protected":false},"author":4,"featured_media":59133,"comment_status":"open","ping_status":"open","sticky":false,"template":"","format":"standard","meta":{"beyondwords_generate_audio":"","beyondwords_project_id":"","beyondwords_podcast_id":"","beyondwords_hash":"","beyondwords_error_message":"","beyondwords_disabled":"","publish_post_to_speechkit":"","speechkit_generate_audio":"","speechkit_project_id":"","speechkit_podcast_id":"","speechkit_hash":"","speechkit_error_message":"","speechkit_disabled":"","speechkit_access_key":"","speechkit_error":"","speechkit_info":"","speechkit_response":"","speechkit_retries":"","_speechkit_link":"","_speechkit_text":""},"categories":[51,81],"tags":[176,188,46,266,119,304,52],"jetpack_featured_media_url":"https:\/\/pinews.com.br\/wp-content\/uploads\/2024\/07\/whatsapp-image-2024-07-17-at-10.44.58.jpeg","_links":{"self":[{"href":"https:\/\/pinews.com.br\/index.php\/wp-json\/wp\/v2\/posts\/59132"}],"collection":[{"href":"https:\/\/pinews.com.br\/index.php\/wp-json\/wp\/v2\/posts"}],"about":[{"href":"https:\/\/pinews.com.br\/index.php\/wp-json\/wp\/v2\/types\/post"}],"author":[{"embeddable":true,"href":"https:\/\/pinews.com.br\/index.php\/wp-json\/wp\/v2\/users\/4"}],"replies":[{"embeddable":true,"href":"https:\/\/pinews.com.br\/index.php\/wp-json\/wp\/v2\/comments?post=59132"}],"version-history":[{"count":1,"href":"https:\/\/pinews.com.br\/index.php\/wp-json\/wp\/v2\/posts\/59132\/revisions"}],"predecessor-version":[{"id":59134,"href":"https:\/\/pinews.com.br\/index.php\/wp-json\/wp\/v2\/posts\/59132\/revisions\/59134"}],"wp:featuredmedia":[{"embeddable":true,"href":"https:\/\/pinews.com.br\/index.php\/wp-json\/wp\/v2\/media\/59133"}],"wp:attachment":[{"href":"https:\/\/pinews.com.br\/index.php\/wp-json\/wp\/v2\/media?parent=59132"}],"wp:term":[{"taxonomy":"category","embeddable":true,"href":"https:\/\/pinews.com.br\/index.php\/wp-json\/wp\/v2\/categories?post=59132"},{"taxonomy":"post_tag","embeddable":true,"href":"https:\/\/pinews.com.br\/index.php\/wp-json\/wp\/v2\/tags?post=59132"}],"curies":[{"name":"wp","href":"https:\/\/api.w.org\/{rel}","templated":true}]}}