{"id":59163,"date":"2024-07-19T20:11:37","date_gmt":"2024-07-19T23:11:37","guid":{"rendered":"https:\/\/pinews.com.br\/?p=59163"},"modified":"2024-07-19T20:11:38","modified_gmt":"2024-07-19T23:11:38","slug":"casal-e-preso-suspeito-de-matar-filha-de-8-meses-colocar-corpo-em-mala-e-enterrar-em-cova-rasa","status":"publish","type":"post","link":"https:\/\/pinews.com.br\/index.php\/2024\/07\/19\/casal-e-preso-suspeito-de-matar-filha-de-8-meses-colocar-corpo-em-mala-e-enterrar-em-cova-rasa\/","title":{"rendered":"Casal \u00e9 preso suspeito de matar filha de 8 meses, colocar corpo em mala e enterrar em cova rasa"},"content":{"rendered":"\n<p>Um casal de 18 e 22 anos foi preso suspeito de matar a filha, de apenas 8 meses, colocar o corpo da menina em uma mala e enterrar em uma cova rasa, na cidade de Senhor do Bonfim, no norte da Bahia.&nbsp;O corpo dela foi encontrado na quinta-feira (18) horas ap\u00f3s a pris\u00e3o dos pais.&nbsp;<\/p>\n\n\n\n<p>De acordo com a Pol\u00edcia Civil, o casal come\u00e7ou a ser investigado pelo desaparecimento em julho de 2023, quando familiares acionaram o Conselho Tutelar informando que n\u00e3o estavam vendo a crian\u00e7a.&nbsp;<\/p>\n\n\n\n<p>Os conselheiros foram \u00e0 resid\u00eancia do casal, n\u00e3o encontraram a menina e acionaram a pol\u00edcia.&nbsp;A investiga\u00e7\u00e3o sobre o desaparecimento apontou que a crian\u00e7a foi morta e enterrada pelos pais entre julho e setembro de 2023.&nbsp;<\/p>\n\n\n\n<p>O casal era considerado foragido da justi\u00e7a e foi localizado na quinta-feira (18). Durante o depoimento, os suspeitos confessaram que enterraram o corpo, mas negaram que mataram a menina. O pai indicou onde estava o corpo, que foi encontrado no terreno de uma ch\u00e1cara pr\u00f3ximo \u00e0 casa dos dois.&nbsp;<\/p>\n\n\n\n<p>A pol\u00edcia acredita que a menina morreu ap\u00f3s uma sequ\u00eancia de maus-tratos.\u00a0O casal j\u00e1 tinha hist\u00f3rico de agress\u00f5es.\u00a0Em 2020, os suspeitos perderam a guarda do primeiro filho.\u00a0Al\u00e9m das duas crian\u00e7as, a pol\u00edcia informou que, este ano, o casal teve um terceiro filho, que est\u00e1 sob cuidados de familiares.<\/p>\n\n\n\n<p><strong>Fonte: Portal A10+<\/strong><\/p>\n","protected":false},"excerpt":{"rendered":"<p>Um casal de 18 e 22 anos foi preso suspeito de matar a filha, de apenas 8 meses, colocar o corpo da menina em uma mala e enterrar em uma cova rasa, na cidade de Senhor do Bonfim, no norte da Bahia.&nbsp;O corpo dela foi encontrado na quinta-feira (18) horas ap\u00f3s a pris\u00e3o dos pais.&nbsp; [&hellip;]<\/p>\n","protected":false},"author":4,"featured_media":59164,"comment_status":"open","ping_status":"open","sticky":false,"template":"","format":"standard","meta":{"beyondwords_generate_audio":"","beyondwords_project_id":"","beyondwords_podcast_id":"","beyondwords_hash":"","beyondwords_error_message":"","beyondwords_disabled":"","publish_post_to_speechkit":"","speechkit_generate_audio":"","speechkit_project_id":"","speechkit_podcast_id":"","speechkit_hash":"","speechkit_error_message":"","speechkit_disabled":"","speechkit_access_key":"","speechkit_error":"","speechkit_info":"","speechkit_response":"","speechkit_retries":"","_speechkit_link":"","_speechkit_text":""},"categories":[134],"tags":[493,8721,55,1125,44,72,46,6472,358,6191,85,118,79,1126,130],"jetpack_featured_media_url":"https:\/\/pinews.com.br\/wp-content\/uploads\/2024\/07\/whatsapp-image-2024-07-19-at-13-54-52-1721408733.jpeg","_links":{"self":[{"href":"https:\/\/pinews.com.br\/index.php\/wp-json\/wp\/v2\/posts\/59163"}],"collection":[{"href":"https:\/\/pinews.com.br\/index.php\/wp-json\/wp\/v2\/posts"}],"about":[{"href":"https:\/\/pinews.com.br\/index.php\/wp-json\/wp\/v2\/types\/post"}],"author":[{"embeddable":true,"href":"https:\/\/pinews.com.br\/index.php\/wp-json\/wp\/v2\/users\/4"}],"replies":[{"embeddable":true,"href":"https:\/\/pinews.com.br\/index.php\/wp-json\/wp\/v2\/comments?post=59163"}],"version-history":[{"count":1,"href":"https:\/\/pinews.com.br\/index.php\/wp-json\/wp\/v2\/posts\/59163\/revisions"}],"predecessor-version":[{"id":59165,"href":"https:\/\/pinews.com.br\/index.php\/wp-json\/wp\/v2\/posts\/59163\/revisions\/59165"}],"wp:featuredmedia":[{"embeddable":true,"href":"https:\/\/pinews.com.br\/index.php\/wp-json\/wp\/v2\/media\/59164"}],"wp:attachment":[{"href":"https:\/\/pinews.com.br\/index.php\/wp-json\/wp\/v2\/media?parent=59163"}],"wp:term":[{"taxonomy":"category","embeddable":true,"href":"https:\/\/pinews.com.br\/index.php\/wp-json\/wp\/v2\/categories?post=59163"},{"taxonomy":"post_tag","embeddable":true,"href":"https:\/\/pinews.com.br\/index.php\/wp-json\/wp\/v2\/tags?post=59163"}],"curies":[{"name":"wp","href":"https:\/\/api.w.org\/{rel}","templated":true}]}}