{"id":59206,"date":"2024-07-22T15:38:47","date_gmt":"2024-07-22T18:38:47","guid":{"rendered":"https:\/\/pinews.com.br\/?p=59206"},"modified":"2024-07-22T15:38:50","modified_gmt":"2024-07-22T18:38:50","slug":"homem-e-preso-suspeito-de-estuprar-amiga-das-filhas-no-piaui","status":"publish","type":"post","link":"https:\/\/pinews.com.br\/index.php\/2024\/07\/22\/homem-e-preso-suspeito-de-estuprar-amiga-das-filhas-no-piaui\/","title":{"rendered":"Homem \u00e9 preso suspeito de estuprar amiga das filhas no Piau\u00ed"},"content":{"rendered":"\n<p>Um homem identificado pelas iniciais M.A.S.P., de 52 anos, foi preso preventivamente, na manh\u00e3 desta segunda-feira (22), suspeito de estuprar uma amiga das filhas durante uma confraterniza\u00e7\u00e3o no m\u00eas de mar\u00e7o. A pris\u00e3o aconteceu no Centro de\u00a0Teresina. O homem j\u00e1 havia sido preso em dezembro de 2023 suspeito de estupro de vulner\u00e1vel contra uma filha.<\/p>\n\n\n\n<p>Segundo o delegado Tales Gomes, da Diretoria de Opera\u00e7\u00f5es Policiais (DEOP), o crime ocorreu na resid\u00eancia do investigado, durante uma confraterniza\u00e7\u00e3o. A v\u00edtima, que n\u00e3o teve a identidade revelada, \u00e9 amiga das filhas do homem.<\/p>\n\n\n\n<p>Ainda conforme o delegado, a v\u00edtima relatou ter sido levada para outra \u00e1rea da casa, amea\u00e7ada e estuprada por M.A.<\/p>\n\n\n\n<p>A DEOP declarou ainda que o homem havia sido preso em dezembro de 2023, investigado pelo crime de estupro de vulner\u00e1vel contra uma filha. Ele foi denunciado ao Minist\u00e9rio P\u00fablico do Piau\u00ed e deve responder o processo na pris\u00e3o.<\/p>\n\n\n\n<blockquote class=\"wp-block-quote\">\n<p>&#8220;Em dezembro do ano passado eu prendi ele no mesmo local, por um processo que apura estupro de vulner\u00e1vel contra uma filha dele. Ele foi solto, teve essa festa e a\u00ed cometeu o crime&#8221;, declarou o delegado Tales.<\/p>\n<\/blockquote>\n\n\n\n<p><strong>Fonte: G1 PI <\/strong><\/p>\n","protected":false},"excerpt":{"rendered":"<p>Um homem identificado pelas iniciais M.A.S.P., de 52 anos, foi preso preventivamente, na manh\u00e3 desta segunda-feira (22), suspeito de estuprar uma amiga das filhas durante uma confraterniza\u00e7\u00e3o no m\u00eas de mar\u00e7o. A pris\u00e3o aconteceu no Centro de\u00a0Teresina. O homem j\u00e1 havia sido preso em dezembro de 2023 suspeito de estupro de vulner\u00e1vel contra uma filha. [&hellip;]<\/p>\n","protected":false},"author":4,"featured_media":59207,"comment_status":"open","ping_status":"open","sticky":false,"template":"","format":"standard","meta":{"beyondwords_generate_audio":"1","beyondwords_project_id":"","beyondwords_podcast_id":"","beyondwords_hash":"","beyondwords_error_message":"","beyondwords_disabled":"","publish_post_to_speechkit":"","speechkit_generate_audio":"","speechkit_project_id":"","speechkit_podcast_id":"","speechkit_hash":"","speechkit_error_message":"","speechkit_disabled":"","speechkit_access_key":"","speechkit_error":"","speechkit_info":"","speechkit_response":"","speechkit_retries":"","_speechkit_link":"","_speechkit_text":""},"categories":[51,78,81],"tags":[1762,888,44,72,348,1618,84,52,79,130],"jetpack_featured_media_url":"https:\/\/pinews.com.br\/wp-content\/uploads\/2024\/07\/4ce52fcd-d0ee-4989-8859-912e10356b44.jfif_.jpg","_links":{"self":[{"href":"https:\/\/pinews.com.br\/index.php\/wp-json\/wp\/v2\/posts\/59206"}],"collection":[{"href":"https:\/\/pinews.com.br\/index.php\/wp-json\/wp\/v2\/posts"}],"about":[{"href":"https:\/\/pinews.com.br\/index.php\/wp-json\/wp\/v2\/types\/post"}],"author":[{"embeddable":true,"href":"https:\/\/pinews.com.br\/index.php\/wp-json\/wp\/v2\/users\/4"}],"replies":[{"embeddable":true,"href":"https:\/\/pinews.com.br\/index.php\/wp-json\/wp\/v2\/comments?post=59206"}],"version-history":[{"count":1,"href":"https:\/\/pinews.com.br\/index.php\/wp-json\/wp\/v2\/posts\/59206\/revisions"}],"predecessor-version":[{"id":59208,"href":"https:\/\/pinews.com.br\/index.php\/wp-json\/wp\/v2\/posts\/59206\/revisions\/59208"}],"wp:featuredmedia":[{"embeddable":true,"href":"https:\/\/pinews.com.br\/index.php\/wp-json\/wp\/v2\/media\/59207"}],"wp:attachment":[{"href":"https:\/\/pinews.com.br\/index.php\/wp-json\/wp\/v2\/media?parent=59206"}],"wp:term":[{"taxonomy":"category","embeddable":true,"href":"https:\/\/pinews.com.br\/index.php\/wp-json\/wp\/v2\/categories?post=59206"},{"taxonomy":"post_tag","embeddable":true,"href":"https:\/\/pinews.com.br\/index.php\/wp-json\/wp\/v2\/tags?post=59206"}],"curies":[{"name":"wp","href":"https:\/\/api.w.org\/{rel}","templated":true}]}}