{"id":59390,"date":"2024-07-31T15:06:15","date_gmt":"2024-07-31T18:06:15","guid":{"rendered":"https:\/\/pinews.com.br\/?p=59390"},"modified":"2024-07-31T15:06:17","modified_gmt":"2024-07-31T18:06:17","slug":"mulher-e-morta-com-tiros-na-cabeca-sentada-em-cadeira-perto-de-casa-no-litoral-do-piaui","status":"publish","type":"post","link":"https:\/\/pinews.com.br\/index.php\/2024\/07\/31\/mulher-e-morta-com-tiros-na-cabeca-sentada-em-cadeira-perto-de-casa-no-litoral-do-piaui\/","title":{"rendered":"Mulher \u00e9 morta com tiros na cabe\u00e7a sentada em cadeira perto de casa no litoral do Piau\u00ed"},"content":{"rendered":"\n<p>Uma mulher chamada\u00a0Francisca Maria de Freitas Rodrigues, de 44 anos, foi morta a tiros\u00a0sentada em uma cadeira\u00a0perto de sua casa, na noite de ter\u00e7a-feira (30), no bairro Mendon\u00e7a Clark, em\u00a0Parna\u00edba, litoral do Piau\u00ed.<\/p>\n\n\n\n<p>Segundo o 2\u00ba Batalh\u00e3o de Pol\u00edcia Militar (BPM), um dos filhos da v\u00edtima afirmou que um homem de camisa laranja chegou em uma motocicleta preta e atirou contra sua m\u00e3e. Os tiros atingiram a regi\u00e3o da cabe\u00e7a.<\/p>\n\n\n\n<p>O atirador fugiu logo ap\u00f3s cometer o crime e \u00e9 procurado pelos policiais. A per\u00edcia criminal tamb\u00e9m foi acionada e o corpo da v\u00edtima foi recolhido pelo Instituto M\u00e9dico-Legal (IML) de Parna\u00edba.<\/p>\n\n\n\n<p>Ainda conforme a PM, h\u00e1 a suspeita de que os\u00a0filhos da v\u00edtima tenham liga\u00e7\u00f5es com fac\u00e7\u00f5es criminosas\u00a0atuantes no litoral. A Pol\u00edcia Civil do Piau\u00ed (PCPI) ir\u00e1 investigar o caso.<\/p>\n\n\n\n<p><strong>Fonte: G1 PI <\/strong><\/p>\n","protected":false},"excerpt":{"rendered":"<p>Uma mulher chamada\u00a0Francisca Maria de Freitas Rodrigues, de 44 anos, foi morta a tiros\u00a0sentada em uma cadeira\u00a0perto de sua casa, na noite de ter\u00e7a-feira (30), no bairro Mendon\u00e7a Clark, em\u00a0Parna\u00edba, litoral do Piau\u00ed. Segundo o 2\u00ba Batalh\u00e3o de Pol\u00edcia Militar (BPM), um dos filhos da v\u00edtima afirmou que um homem de camisa laranja chegou em [&hellip;]<\/p>\n","protected":false},"author":4,"featured_media":59391,"comment_status":"open","ping_status":"open","sticky":false,"template":"","format":"standard","meta":{"beyondwords_generate_audio":"1","beyondwords_project_id":"","beyondwords_podcast_id":"","beyondwords_hash":"","beyondwords_error_message":"","beyondwords_disabled":"","publish_post_to_speechkit":"","speechkit_generate_audio":"","speechkit_project_id":"","speechkit_podcast_id":"","speechkit_hash":"","speechkit_error_message":"","speechkit_disabled":"","speechkit_access_key":"","speechkit_error":"","speechkit_info":"","speechkit_response":"","speechkit_retries":"","_speechkit_link":"","_speechkit_text":""},"categories":[51,78],"tags":[750,6978,149,44,72,46,202,481,135,91,836,52,12314,165],"jetpack_featured_media_url":"https:\/\/pinews.com.br\/wp-content\/uploads\/2024\/07\/whatsapp-image-2021-03-04-at-23.08.05.jpeg","_links":{"self":[{"href":"https:\/\/pinews.com.br\/index.php\/wp-json\/wp\/v2\/posts\/59390"}],"collection":[{"href":"https:\/\/pinews.com.br\/index.php\/wp-json\/wp\/v2\/posts"}],"about":[{"href":"https:\/\/pinews.com.br\/index.php\/wp-json\/wp\/v2\/types\/post"}],"author":[{"embeddable":true,"href":"https:\/\/pinews.com.br\/index.php\/wp-json\/wp\/v2\/users\/4"}],"replies":[{"embeddable":true,"href":"https:\/\/pinews.com.br\/index.php\/wp-json\/wp\/v2\/comments?post=59390"}],"version-history":[{"count":1,"href":"https:\/\/pinews.com.br\/index.php\/wp-json\/wp\/v2\/posts\/59390\/revisions"}],"predecessor-version":[{"id":59392,"href":"https:\/\/pinews.com.br\/index.php\/wp-json\/wp\/v2\/posts\/59390\/revisions\/59392"}],"wp:featuredmedia":[{"embeddable":true,"href":"https:\/\/pinews.com.br\/index.php\/wp-json\/wp\/v2\/media\/59391"}],"wp:attachment":[{"href":"https:\/\/pinews.com.br\/index.php\/wp-json\/wp\/v2\/media?parent=59390"}],"wp:term":[{"taxonomy":"category","embeddable":true,"href":"https:\/\/pinews.com.br\/index.php\/wp-json\/wp\/v2\/categories?post=59390"},{"taxonomy":"post_tag","embeddable":true,"href":"https:\/\/pinews.com.br\/index.php\/wp-json\/wp\/v2\/tags?post=59390"}],"curies":[{"name":"wp","href":"https:\/\/api.w.org\/{rel}","templated":true}]}}