{"id":59422,"date":"2024-08-01T21:15:49","date_gmt":"2024-08-02T00:15:49","guid":{"rendered":"https:\/\/pinews.com.br\/?p=59422"},"modified":"2024-08-01T21:15:51","modified_gmt":"2024-08-02T00:15:51","slug":"mecanico-e-assassinado-a-tiros-no-piaui","status":"publish","type":"post","link":"https:\/\/pinews.com.br\/index.php\/2024\/08\/01\/mecanico-e-assassinado-a-tiros-no-piaui\/","title":{"rendered":"Mec\u00e2nico \u00e9 assassinado a tiros no Piau\u00ed"},"content":{"rendered":"\n<p>Um mec\u00e2nico chamado\u00a0Francisco Magalh\u00e3es Sousa Junior, de 30 anos,\u00a0foi assassinado a tiros na tarde desta quinta-feira (1) na Avenida Camilo Filho, no bairro S\u00e3o Sebasti\u00e3o, na Zona Sudeste de\u00a0Teresina.<\/p>\n\n\n\n<p>Segundo a Pol\u00edcia Militar,&nbsp;o mec\u00e2nico estava trabalhando&nbsp;quando, conforme testemunhas, quatro criminosos em um carro branco chegaram e dois homens com o rosto coberto atiraram contra a v\u00edtima. Francisco tentou fugir correndo, mas foi atingido com v\u00e1rios tiros e caiu na avenida, onde faleceu.<\/p>\n\n\n\n<p>Ainda segundo a PM, Francisco foi atingido por v\u00e1rios tiros, e pelo menos 19 c\u00e1psulas de bala foram encontradas pelos policiais.<\/p>\n\n\n\n<p>At\u00e9 o momento, nenhum suspeito foi identificado ou preso. O caso \u00e9 investigado pelo Departamento de Homic\u00eddio e Prote\u00e7\u00e3o \u00e0 Pessoa (DHPP).<\/p>\n\n\n\n<p>Francisco era natural da cidade de Miguel Alves. Ele foi preso em mar\u00e7o deste ano, e solto em maio. Respondia a processo por viol\u00eancia dom\u00e9stica, ocorrido em 2024, e pelo\u00a0assassinato de Jo\u00e3o Paulo da Silva Rodrigues, cometido em maio de 2022 em Miguel Alves.<\/p>\n\n\n\n<p><strong>Fonte: G1 PI <\/strong><\/p>\n","protected":false},"excerpt":{"rendered":"<p>Um mec\u00e2nico chamado\u00a0Francisco Magalh\u00e3es Sousa Junior, de 30 anos,\u00a0foi assassinado a tiros na tarde desta quinta-feira (1) na Avenida Camilo Filho, no bairro S\u00e3o Sebasti\u00e3o, na Zona Sudeste de\u00a0Teresina. Segundo a Pol\u00edcia Militar,&nbsp;o mec\u00e2nico estava trabalhando&nbsp;quando, conforme testemunhas, quatro criminosos em um carro branco chegaram e dois homens com o rosto coberto atiraram contra a [&hellip;]<\/p>\n","protected":false},"author":4,"featured_media":59423,"comment_status":"open","ping_status":"open","sticky":false,"template":"","format":"standard","meta":{"beyondwords_generate_audio":"","beyondwords_project_id":"","beyondwords_podcast_id":"","beyondwords_hash":"","beyondwords_error_message":"","beyondwords_disabled":"","publish_post_to_speechkit":"","speechkit_generate_audio":"","speechkit_project_id":"","speechkit_podcast_id":"","speechkit_hash":"","speechkit_error_message":"","speechkit_disabled":"","speechkit_access_key":"","speechkit_error":"","speechkit_info":"","speechkit_response":"","speechkit_retries":"","_speechkit_link":"","_speechkit_text":""},"categories":[51,78,81],"tags":[364,72,6938,52,165],"jetpack_featured_media_url":"https:\/\/pinews.com.br\/wp-content\/uploads\/2024\/08\/whatsapp-image-2024-08-01-at-17.06.40.jpeg","_links":{"self":[{"href":"https:\/\/pinews.com.br\/index.php\/wp-json\/wp\/v2\/posts\/59422"}],"collection":[{"href":"https:\/\/pinews.com.br\/index.php\/wp-json\/wp\/v2\/posts"}],"about":[{"href":"https:\/\/pinews.com.br\/index.php\/wp-json\/wp\/v2\/types\/post"}],"author":[{"embeddable":true,"href":"https:\/\/pinews.com.br\/index.php\/wp-json\/wp\/v2\/users\/4"}],"replies":[{"embeddable":true,"href":"https:\/\/pinews.com.br\/index.php\/wp-json\/wp\/v2\/comments?post=59422"}],"version-history":[{"count":1,"href":"https:\/\/pinews.com.br\/index.php\/wp-json\/wp\/v2\/posts\/59422\/revisions"}],"predecessor-version":[{"id":59424,"href":"https:\/\/pinews.com.br\/index.php\/wp-json\/wp\/v2\/posts\/59422\/revisions\/59424"}],"wp:featuredmedia":[{"embeddable":true,"href":"https:\/\/pinews.com.br\/index.php\/wp-json\/wp\/v2\/media\/59423"}],"wp:attachment":[{"href":"https:\/\/pinews.com.br\/index.php\/wp-json\/wp\/v2\/media?parent=59422"}],"wp:term":[{"taxonomy":"category","embeddable":true,"href":"https:\/\/pinews.com.br\/index.php\/wp-json\/wp\/v2\/categories?post=59422"},{"taxonomy":"post_tag","embeddable":true,"href":"https:\/\/pinews.com.br\/index.php\/wp-json\/wp\/v2\/tags?post=59422"}],"curies":[{"name":"wp","href":"https:\/\/api.w.org\/{rel}","templated":true}]}}