{"id":59457,"date":"2024-08-05T14:00:24","date_gmt":"2024-08-05T17:00:24","guid":{"rendered":"https:\/\/pinews.com.br\/?p=59457"},"modified":"2024-08-05T14:00:26","modified_gmt":"2024-08-05T17:00:26","slug":"jovem-morre-ao-cair-em-cachoeira-e-bater-a-cabeca-em-pedras-no-piaui","status":"publish","type":"post","link":"https:\/\/pinews.com.br\/index.php\/2024\/08\/05\/jovem-morre-ao-cair-em-cachoeira-e-bater-a-cabeca-em-pedras-no-piaui\/","title":{"rendered":"Jovem morre ao cair em cachoeira e bater a cabe\u00e7a em pedras no Piau\u00ed"},"content":{"rendered":"\n<p>Uma trag\u00e9dia abalou a cidade de Batalha (PI) na tarde deste domingo (4). Um jovem, identificado apenas como Christian, morreu afogado na Cachoeira do Xix\u00e1, localizada no povoado Xix\u00e1. Na ocasi\u00e3o, ele estava na companhia de seus amigos no momento do acidente, segundo informa\u00e7\u00f5es da Revista AZ.<\/p>\n\n\n\n<h2>O QUE SE SABE?<\/h2>\n\n\n\n<p>A trag\u00e9dia ocorreu por volta das 15 horas. A suspeita inicial \u00e9 que&nbsp;<strong>Christian tenha batido a cabe\u00e7a<\/strong>&nbsp;em uma pedra antes de se&nbsp;<a href=\"https:\/\/www.meionews.com\/piaui\" target=\"_blank\" rel=\"noreferrer noopener\"><strong>afogar<\/strong><\/a>. Os pared\u00f5es da cachoeira, que t\u00eam cerca de 10 metros de altura, formam quedas d&#8217;\u00e1gua e uma piscina natural.<\/p>\n\n\n\n<p>O Instituto M\u00e9dico Legal (IML) realizou a remo\u00e7\u00e3o do corpo. As autoridades municipais est\u00e3o investigando o caso para esclarecer as circunst\u00e2ncias do ocorrido. Christian era residente da cidade de Batalha.<\/p>\n\n\n\n<p><strong>Fonte: Meio Norte<\/strong><\/p>\n","protected":false},"excerpt":{"rendered":"<p>Uma trag\u00e9dia abalou a cidade de Batalha (PI) na tarde deste domingo (4). Um jovem, identificado apenas como Christian, morreu afogado na Cachoeira do Xix\u00e1, localizada no povoado Xix\u00e1. Na ocasi\u00e3o, ele estava na companhia de seus amigos no momento do acidente, segundo informa\u00e7\u00f5es da Revista AZ. O QUE SE SABE? A trag\u00e9dia ocorreu por [&hellip;]<\/p>\n","protected":false},"author":4,"featured_media":59458,"comment_status":"open","ping_status":"open","sticky":false,"template":"","format":"standard","meta":{"beyondwords_generate_audio":"","beyondwords_project_id":"","beyondwords_podcast_id":"","beyondwords_hash":"","beyondwords_error_message":"","beyondwords_disabled":"","publish_post_to_speechkit":"","speechkit_generate_audio":"","speechkit_project_id":"","speechkit_podcast_id":"","speechkit_hash":"","speechkit_error_message":"","speechkit_disabled":"","speechkit_access_key":"","speechkit_error":"","speechkit_info":"","speechkit_response":"","speechkit_retries":"","_speechkit_link":"","_speechkit_text":""},"categories":[51],"tags":[132,5989,750,725,353,46,266,119,1784,52],"jetpack_featured_media_url":"https:\/\/pinews.com.br\/wp-content\/uploads\/2024\/08\/jovem-morre-ao-cair-em-cachoeira-e-bater-a-cabeca-em-pedras-ea95752e-3f2c-41fd-a921-1148d402c48a.jpg.webp","_links":{"self":[{"href":"https:\/\/pinews.com.br\/index.php\/wp-json\/wp\/v2\/posts\/59457"}],"collection":[{"href":"https:\/\/pinews.com.br\/index.php\/wp-json\/wp\/v2\/posts"}],"about":[{"href":"https:\/\/pinews.com.br\/index.php\/wp-json\/wp\/v2\/types\/post"}],"author":[{"embeddable":true,"href":"https:\/\/pinews.com.br\/index.php\/wp-json\/wp\/v2\/users\/4"}],"replies":[{"embeddable":true,"href":"https:\/\/pinews.com.br\/index.php\/wp-json\/wp\/v2\/comments?post=59457"}],"version-history":[{"count":1,"href":"https:\/\/pinews.com.br\/index.php\/wp-json\/wp\/v2\/posts\/59457\/revisions"}],"predecessor-version":[{"id":59459,"href":"https:\/\/pinews.com.br\/index.php\/wp-json\/wp\/v2\/posts\/59457\/revisions\/59459"}],"wp:featuredmedia":[{"embeddable":true,"href":"https:\/\/pinews.com.br\/index.php\/wp-json\/wp\/v2\/media\/59458"}],"wp:attachment":[{"href":"https:\/\/pinews.com.br\/index.php\/wp-json\/wp\/v2\/media?parent=59457"}],"wp:term":[{"taxonomy":"category","embeddable":true,"href":"https:\/\/pinews.com.br\/index.php\/wp-json\/wp\/v2\/categories?post=59457"},{"taxonomy":"post_tag","embeddable":true,"href":"https:\/\/pinews.com.br\/index.php\/wp-json\/wp\/v2\/tags?post=59457"}],"curies":[{"name":"wp","href":"https:\/\/api.w.org\/{rel}","templated":true}]}}