{"id":59460,"date":"2024-08-05T14:06:34","date_gmt":"2024-08-05T17:06:34","guid":{"rendered":"https:\/\/pinews.com.br\/?p=59460"},"modified":"2024-08-05T14:06:36","modified_gmt":"2024-08-05T17:06:36","slug":"quatro-pessoas-ficam-feridas-em-grave-acidente-com-van-na-br-135-no-piaui","status":"publish","type":"post","link":"https:\/\/pinews.com.br\/index.php\/2024\/08\/05\/quatro-pessoas-ficam-feridas-em-grave-acidente-com-van-na-br-135-no-piaui\/","title":{"rendered":"Quatro pessoas ficam feridas em grave acidente com van na BR-135 no Piau\u00ed"},"content":{"rendered":"\n<p>Quatro pessoas ficaram feridas ap\u00f3s uma colis\u00e3o entre uma van e outro ve\u00edculo na noite deste domingo (04), na BR-135, no munic\u00edpio de Jerumenha, a 309 km de Teresina.<\/p>\n\n\n\n<p>Segundo informa\u00e7\u00f5es da Pol\u00edcia Rodovi\u00e1ria Federal (PRF), todas as v\u00edtimas estavam na van. O condutor, um homem de 51 anos, sofreu les\u00f5es graves. Entre os passageiros, um homem de 45 anos teve les\u00f5es leves, e duas mulheres, uma de 46 e outra de 30 anos, tamb\u00e9m sofreram ferimentos graves.<\/p>\n\n\n\n<p>Ainda de acordo com a PRF, o outro ve\u00edculo envolvido no acidente n\u00e3o foi localizado, e a causa presum\u00edvel da batida foi transitar na contram\u00e3o. Devido \u00e0 gravidade dos ferimentos, n\u00e3o foi poss\u00edvel realizar o teste de alcoolemia no motorista da van.<\/p>\n\n\n\n<p>As v\u00edtimas foram socorridas pelo Servi\u00e7o de Atendimento M\u00f3vel de Urg\u00eancia (SAMU) e encaminhadas para a Unidade de Pronto Atendimento (UPA) e para o Hospital Regional Tib\u00e9rio Nunes, em Floriano.<\/p>\n\n\n\n<p><strong>Fonte: Cidade Verde <\/strong><\/p>\n","protected":false},"excerpt":{"rendered":"<p>Quatro pessoas ficaram feridas ap\u00f3s uma colis\u00e3o entre uma van e outro ve\u00edculo na noite deste domingo (04), na BR-135, no munic\u00edpio de Jerumenha, a 309 km de Teresina. Segundo informa\u00e7\u00f5es da Pol\u00edcia Rodovi\u00e1ria Federal (PRF), todas as v\u00edtimas estavam na van. O condutor, um homem de 51 anos, sofreu les\u00f5es graves. Entre os passageiros, [&hellip;]<\/p>\n","protected":false},"author":4,"featured_media":59462,"comment_status":"open","ping_status":"open","sticky":false,"template":"","format":"standard","meta":{"beyondwords_generate_audio":"1","beyondwords_project_id":"","beyondwords_podcast_id":"","beyondwords_hash":"","beyondwords_error_message":"","beyondwords_disabled":"","publish_post_to_speechkit":"","speechkit_generate_audio":"","speechkit_project_id":"","speechkit_podcast_id":"","speechkit_hash":"","speechkit_error_message":"","speechkit_disabled":"","speechkit_access_key":"","speechkit_error":"","speechkit_info":"","speechkit_response":"","speechkit_retries":"","_speechkit_link":"","_speechkit_text":""},"categories":[51],"tags":[176,224,46,257,416,404,91,259,52,772,1617],"jetpack_featured_media_url":"https:\/\/pinews.com.br\/wp-content\/uploads\/2024\/08\/a2731ea5b1d96dea44a7b7bcb2a8a09f.jpg","_links":{"self":[{"href":"https:\/\/pinews.com.br\/index.php\/wp-json\/wp\/v2\/posts\/59460"}],"collection":[{"href":"https:\/\/pinews.com.br\/index.php\/wp-json\/wp\/v2\/posts"}],"about":[{"href":"https:\/\/pinews.com.br\/index.php\/wp-json\/wp\/v2\/types\/post"}],"author":[{"embeddable":true,"href":"https:\/\/pinews.com.br\/index.php\/wp-json\/wp\/v2\/users\/4"}],"replies":[{"embeddable":true,"href":"https:\/\/pinews.com.br\/index.php\/wp-json\/wp\/v2\/comments?post=59460"}],"version-history":[{"count":1,"href":"https:\/\/pinews.com.br\/index.php\/wp-json\/wp\/v2\/posts\/59460\/revisions"}],"predecessor-version":[{"id":59463,"href":"https:\/\/pinews.com.br\/index.php\/wp-json\/wp\/v2\/posts\/59460\/revisions\/59463"}],"wp:featuredmedia":[{"embeddable":true,"href":"https:\/\/pinews.com.br\/index.php\/wp-json\/wp\/v2\/media\/59462"}],"wp:attachment":[{"href":"https:\/\/pinews.com.br\/index.php\/wp-json\/wp\/v2\/media?parent=59460"}],"wp:term":[{"taxonomy":"category","embeddable":true,"href":"https:\/\/pinews.com.br\/index.php\/wp-json\/wp\/v2\/categories?post=59460"},{"taxonomy":"post_tag","embeddable":true,"href":"https:\/\/pinews.com.br\/index.php\/wp-json\/wp\/v2\/tags?post=59460"}],"curies":[{"name":"wp","href":"https:\/\/api.w.org\/{rel}","templated":true}]}}