{"id":59482,"date":"2024-08-06T18:33:25","date_gmt":"2024-08-06T21:33:25","guid":{"rendered":"https:\/\/pinews.com.br\/?p=59482"},"modified":"2024-08-06T18:33:28","modified_gmt":"2024-08-06T21:33:28","slug":"onibus-escolar-pega-fogo-ao-lado-de-creche-lotada-no-interior-do-piaui","status":"publish","type":"post","link":"https:\/\/pinews.com.br\/index.php\/2024\/08\/06\/onibus-escolar-pega-fogo-ao-lado-de-creche-lotada-no-interior-do-piaui\/","title":{"rendered":"\u00d4nibus escolar pega fogo ao lado de creche lotada no interior do Piau\u00ed"},"content":{"rendered":"\n<p>Um \u00f4nibus escolar pegou fogo ao lado da Creche V\u00f3 Binoca, na cidade de Joaquim Pires, no Norte do Piau\u00ed, na tarde desta ter\u00e7a-feira (06\/08).<\/p>\n\n\n\n<p>De acordo com as informa\u00e7\u00f5es, as chamas iniciaram por volta das 13h15 e no momento do inc\u00eandio, a creche estava cheia de alunos.<\/p>\n\n\n\n<p>Apesar do susto, n\u00e3o houve feridos e o ve\u00edculo foi completamente consumido pelas chamas. A suspeita \u00e9 de que uma pane el\u00e9trica pode ter causado o inc\u00eandio.<\/p>\n\n\n\n<p><strong>Fonte: Conecta Piau\u00ed<\/strong><\/p>\n","protected":false},"excerpt":{"rendered":"<p>Um \u00f4nibus escolar pegou fogo ao lado da Creche V\u00f3 Binoca, na cidade de Joaquim Pires, no Norte do Piau\u00ed, na tarde desta ter\u00e7a-feira (06\/08). De acordo com as informa\u00e7\u00f5es, as chamas iniciaram por volta das 13h15 e no momento do inc\u00eandio, a creche estava cheia de alunos. Apesar do susto, n\u00e3o houve feridos e [&hellip;]<\/p>\n","protected":false},"author":4,"featured_media":59483,"comment_status":"open","ping_status":"open","sticky":false,"template":"","format":"standard","meta":{"beyondwords_generate_audio":"","beyondwords_project_id":"","beyondwords_podcast_id":"","beyondwords_hash":"","beyondwords_error_message":"","beyondwords_disabled":"","publish_post_to_speechkit":"","speechkit_generate_audio":"","speechkit_project_id":"","speechkit_podcast_id":"","speechkit_hash":"","speechkit_error_message":"","speechkit_disabled":"","speechkit_access_key":"","speechkit_error":"","speechkit_info":"","speechkit_response":"","speechkit_retries":"","_speechkit_link":"","_speechkit_text":""},"categories":[51],"tags":[132,8084,44,7657,1675,716,336,8371,301,5340,52],"jetpack_featured_media_url":"https:\/\/pinews.com.br\/wp-content\/uploads\/2024\/08\/onibus-escolar-pega-fogo-ao-lado-de-creche-no-piaui.jpg.1200x0_q95_crop.jpeg","_links":{"self":[{"href":"https:\/\/pinews.com.br\/index.php\/wp-json\/wp\/v2\/posts\/59482"}],"collection":[{"href":"https:\/\/pinews.com.br\/index.php\/wp-json\/wp\/v2\/posts"}],"about":[{"href":"https:\/\/pinews.com.br\/index.php\/wp-json\/wp\/v2\/types\/post"}],"author":[{"embeddable":true,"href":"https:\/\/pinews.com.br\/index.php\/wp-json\/wp\/v2\/users\/4"}],"replies":[{"embeddable":true,"href":"https:\/\/pinews.com.br\/index.php\/wp-json\/wp\/v2\/comments?post=59482"}],"version-history":[{"count":1,"href":"https:\/\/pinews.com.br\/index.php\/wp-json\/wp\/v2\/posts\/59482\/revisions"}],"predecessor-version":[{"id":59484,"href":"https:\/\/pinews.com.br\/index.php\/wp-json\/wp\/v2\/posts\/59482\/revisions\/59484"}],"wp:featuredmedia":[{"embeddable":true,"href":"https:\/\/pinews.com.br\/index.php\/wp-json\/wp\/v2\/media\/59483"}],"wp:attachment":[{"href":"https:\/\/pinews.com.br\/index.php\/wp-json\/wp\/v2\/media?parent=59482"}],"wp:term":[{"taxonomy":"category","embeddable":true,"href":"https:\/\/pinews.com.br\/index.php\/wp-json\/wp\/v2\/categories?post=59482"},{"taxonomy":"post_tag","embeddable":true,"href":"https:\/\/pinews.com.br\/index.php\/wp-json\/wp\/v2\/tags?post=59482"}],"curies":[{"name":"wp","href":"https:\/\/api.w.org\/{rel}","templated":true}]}}