{"id":59557,"date":"2024-08-13T13:44:39","date_gmt":"2024-08-13T16:44:39","guid":{"rendered":"https:\/\/pinews.com.br\/?p=59557"},"modified":"2024-08-13T13:44:41","modified_gmt":"2024-08-13T16:44:41","slug":"jovem-e-baleado-e-mostra-foto-de-atiradores-a-policia-antes-de-morrer-no-piaui","status":"publish","type":"post","link":"https:\/\/pinews.com.br\/index.php\/2024\/08\/13\/jovem-e-baleado-e-mostra-foto-de-atiradores-a-policia-antes-de-morrer-no-piaui\/","title":{"rendered":"Jovem \u00e9 baleado e mostra foto de atiradores \u00e0 pol\u00edcia antes de morrer no Piau\u00ed"},"content":{"rendered":"\n<p>Um jovem chamado\u00a0Elson Ferreira dos Santos J\u00fanior, de 22 anos, foi executado a tiros, na noite de segunda-feira (12), em um posto de combust\u00edveis no bairro Parque Ideal, Zona Sudeste de\u00a0Teresina.<\/p>\n\n\n\n<p>Ao\u00a0g1, o 8\u00ba Batalh\u00e3o de Pol\u00edcia Militar (BPM) afirmou que a v\u00edtima foi atingida por cerca de sete disparos, a maioria no abd\u00f4men. Antes de morrer,\u00a0Elson mostrou fotos dos atiradores aos policiais.<\/p>\n\n\n\n<blockquote class=\"wp-block-quote\">\n<p>\u201c[O jovem] identificou os dois suspeitos de atirar contra ele. Estamos \u00e0 procura deles, fazendo buscas pela regi\u00e3o\u201d, disse o comandante Lopes J\u00fanior, do 8\u00ba BPM.<\/p>\n<\/blockquote>\n\n\n\n<p>Ap\u00f3s o crime, os suspeitos fugiram e Elson foi levado, por pessoas que estavam no posto, \u00e0 Unidade de Pronto Atendimento (UPA) do Renascen\u00e7a, na Zona Sudeste. Ele recebeu os primeiros socorros, mas n\u00e3o resistiu e faleceu.<\/p>\n\n\n\n<p>Ainda n\u00e3o se sabe a motiva\u00e7\u00e3o do assassinato.\u00a0O Departamento de Homic\u00eddios e Prote\u00e7\u00e3o \u00e0 Pessoa (DHPP) ir\u00e1 investigar o caso.<\/p>\n\n\n\n<p><strong>Fonte:<\/strong> <strong>G1 PI<\/strong> <\/p>\n","protected":false},"excerpt":{"rendered":"<p>Um jovem chamado\u00a0Elson Ferreira dos Santos J\u00fanior, de 22 anos, foi executado a tiros, na noite de segunda-feira (12), em um posto de combust\u00edveis no bairro Parque Ideal, Zona Sudeste de\u00a0Teresina. Ao\u00a0g1, o 8\u00ba Batalh\u00e3o de Pol\u00edcia Militar (BPM) afirmou que a v\u00edtima foi atingida por cerca de sete disparos, a maioria no abd\u00f4men. Antes [&hellip;]<\/p>\n","protected":false},"author":4,"featured_media":59558,"comment_status":"open","ping_status":"open","sticky":false,"template":"","format":"standard","meta":{"beyondwords_generate_audio":"","beyondwords_project_id":"","beyondwords_podcast_id":"","beyondwords_hash":"","beyondwords_error_message":"","beyondwords_disabled":"","publish_post_to_speechkit":"","speechkit_generate_audio":"","speechkit_project_id":"","speechkit_podcast_id":"","speechkit_hash":"","speechkit_error_message":"","speechkit_disabled":"","speechkit_access_key":"","speechkit_error":"","speechkit_info":"","speechkit_response":"","speechkit_retries":"","_speechkit_link":"","_speechkit_text":""},"categories":[51,78],"tags":[794,6922,7081,854,44,72,5635,266,7205,65,52,466],"jetpack_featured_media_url":"https:\/\/pinews.com.br\/wp-content\/uploads\/2024\/08\/whatsapp-image-2024-08-13-at-09.47.53.jpeg","_links":{"self":[{"href":"https:\/\/pinews.com.br\/index.php\/wp-json\/wp\/v2\/posts\/59557"}],"collection":[{"href":"https:\/\/pinews.com.br\/index.php\/wp-json\/wp\/v2\/posts"}],"about":[{"href":"https:\/\/pinews.com.br\/index.php\/wp-json\/wp\/v2\/types\/post"}],"author":[{"embeddable":true,"href":"https:\/\/pinews.com.br\/index.php\/wp-json\/wp\/v2\/users\/4"}],"replies":[{"embeddable":true,"href":"https:\/\/pinews.com.br\/index.php\/wp-json\/wp\/v2\/comments?post=59557"}],"version-history":[{"count":1,"href":"https:\/\/pinews.com.br\/index.php\/wp-json\/wp\/v2\/posts\/59557\/revisions"}],"predecessor-version":[{"id":59559,"href":"https:\/\/pinews.com.br\/index.php\/wp-json\/wp\/v2\/posts\/59557\/revisions\/59559"}],"wp:featuredmedia":[{"embeddable":true,"href":"https:\/\/pinews.com.br\/index.php\/wp-json\/wp\/v2\/media\/59558"}],"wp:attachment":[{"href":"https:\/\/pinews.com.br\/index.php\/wp-json\/wp\/v2\/media?parent=59557"}],"wp:term":[{"taxonomy":"category","embeddable":true,"href":"https:\/\/pinews.com.br\/index.php\/wp-json\/wp\/v2\/categories?post=59557"},{"taxonomy":"post_tag","embeddable":true,"href":"https:\/\/pinews.com.br\/index.php\/wp-json\/wp\/v2\/tags?post=59557"}],"curies":[{"name":"wp","href":"https:\/\/api.w.org\/{rel}","templated":true}]}}