{"id":59591,"date":"2024-08-15T18:44:34","date_gmt":"2024-08-15T21:44:34","guid":{"rendered":"https:\/\/pinews.com.br\/?p=59591"},"modified":"2024-08-15T18:44:36","modified_gmt":"2024-08-15T21:44:36","slug":"colisao-entre-carro-e-vlt-deixa-crianca-e-duas-mulheres-mortas","status":"publish","type":"post","link":"https:\/\/pinews.com.br\/index.php\/2024\/08\/15\/colisao-entre-carro-e-vlt-deixa-crianca-e-duas-mulheres-mortas\/","title":{"rendered":"Colis\u00e3o entre carro e VLT deixa crian\u00e7a e duas mulheres mortas"},"content":{"rendered":"\n<p>Um grave acidente na manh\u00e3 desta quinta-feira (15), envolvendo um carro de passeio e um Ve\u00edculo Leve sobre Trilhos (VLT), deixou tr\u00eas pessoas mortas e duas feridas no bairro Aeroporto, em Fortaleza (CE). A opera\u00e7\u00e3o de resgate das v\u00edtimas foi encerrada \u00e0s 13h12, com a retirada dos sobreviventes e dos mortos das ferragens.<\/p>\n\n\n\n<h2>COMO OCORREU?<\/h2>\n\n\n\n<p>O acidente aconteceu por volta das 10h30 na avenida Borges de Melo. O&nbsp;<strong>carro com cinco pessoas<\/strong>&nbsp;teria avan\u00e7ado sobre a linha f\u00e9rrea, momento no qual foi atingido e arrastado pelo VLT, segundo testemunhas.&nbsp;<\/p>\n\n\n\n<p><img decoding=\"async\" alt=\"Colis\u00e3o no bairro Aeroporto, em Fortaleza | FOTO: Davi C\u00e9sar\/SVM\" src=\"https:\/\/www.meionews.com\/uploads\/imagens\/2024\/8\/15\/webp\/691b3162-d8e7-42ca-934a-b5f69e6cba62-f7f3f40a-1702-4ab8-85cd-beac68ca4e92.jpg.webp\">Colis\u00e3o no bairro Aeroporto, em Fortaleza | FOTO: Davi C\u00e9sar\/SVM<\/p>\n\n\n\n<p>No carro estavam cinco passageiros:\u00a0dois adultos, duas idosas e uma crian\u00e7a. Em nota, a Companhia Cearense de Transportes Metropolitanos (Metrofor), respons\u00e1vel pelo VLT, afirmou que &#8220;as sinaliza\u00e7\u00f5es do local estavam em funcionamento no momento do acidente&#8221;.<\/p>\n\n\n\n<p>Uma idosa, uma adulta e a crian\u00e7a tiveram o \u00f3bito constatado pelo Corpo de Bombeiros ainda no local. A outra idosa e a outra adulta, que dirigia o carro, foram retiradas do carro com vida.<\/p>\n\n\n\n<p><strong>Fonte: Meio News <\/strong><\/p>\n","protected":false},"excerpt":{"rendered":"<p>Um grave acidente na manh\u00e3 desta quinta-feira (15), envolvendo um carro de passeio e um Ve\u00edculo Leve sobre Trilhos (VLT), deixou tr\u00eas pessoas mortas e duas feridas no bairro Aeroporto, em Fortaleza (CE). A opera\u00e7\u00e3o de resgate das v\u00edtimas foi encerrada \u00e0s 13h12, com a retirada dos sobreviventes e dos mortos das ferragens. COMO OCORREU? [&hellip;]<\/p>\n","protected":false},"author":1,"featured_media":59592,"comment_status":"open","ping_status":"open","sticky":false,"template":"","format":"standard","meta":{"beyondwords_generate_audio":"","beyondwords_project_id":"","beyondwords_podcast_id":"","beyondwords_hash":"","beyondwords_error_message":"","beyondwords_disabled":"","publish_post_to_speechkit":"","speechkit_generate_audio":"","speechkit_project_id":"","speechkit_podcast_id":"","speechkit_hash":"","speechkit_error_message":"","speechkit_disabled":"","speechkit_access_key":"","speechkit_error":"","speechkit_info":"","speechkit_response":"","speechkit_retries":"","_speechkit_link":"","_speechkit_text":""},"categories":[134],"tags":[62,256,221,252,260,178,1314,422,12325],"jetpack_featured_media_url":"https:\/\/pinews.com.br\/wp-content\/uploads\/2024\/08\/colisao-entre-carro-e-vlt-deixa-crianca-e-duas-mulheres-mortas-em-fortaleza-12eb7f93-dc27-4218-b8d2-20e78ac88d34.jpg.webp","_links":{"self":[{"href":"https:\/\/pinews.com.br\/index.php\/wp-json\/wp\/v2\/posts\/59591"}],"collection":[{"href":"https:\/\/pinews.com.br\/index.php\/wp-json\/wp\/v2\/posts"}],"about":[{"href":"https:\/\/pinews.com.br\/index.php\/wp-json\/wp\/v2\/types\/post"}],"author":[{"embeddable":true,"href":"https:\/\/pinews.com.br\/index.php\/wp-json\/wp\/v2\/users\/1"}],"replies":[{"embeddable":true,"href":"https:\/\/pinews.com.br\/index.php\/wp-json\/wp\/v2\/comments?post=59591"}],"version-history":[{"count":1,"href":"https:\/\/pinews.com.br\/index.php\/wp-json\/wp\/v2\/posts\/59591\/revisions"}],"predecessor-version":[{"id":59593,"href":"https:\/\/pinews.com.br\/index.php\/wp-json\/wp\/v2\/posts\/59591\/revisions\/59593"}],"wp:featuredmedia":[{"embeddable":true,"href":"https:\/\/pinews.com.br\/index.php\/wp-json\/wp\/v2\/media\/59592"}],"wp:attachment":[{"href":"https:\/\/pinews.com.br\/index.php\/wp-json\/wp\/v2\/media?parent=59591"}],"wp:term":[{"taxonomy":"category","embeddable":true,"href":"https:\/\/pinews.com.br\/index.php\/wp-json\/wp\/v2\/categories?post=59591"},{"taxonomy":"post_tag","embeddable":true,"href":"https:\/\/pinews.com.br\/index.php\/wp-json\/wp\/v2\/tags?post=59591"}],"curies":[{"name":"wp","href":"https:\/\/api.w.org\/{rel}","templated":true}]}}