{"id":59655,"date":"2024-08-20T21:12:23","date_gmt":"2024-08-21T00:12:23","guid":{"rendered":"https:\/\/pinews.com.br\/?p=59655"},"modified":"2024-08-20T21:12:25","modified_gmt":"2024-08-21T00:12:25","slug":"pai-e-filhos-de-10-e-14-anos-ficam-gravemente-feridos-apos-colisao-frontal-com-caminhao-em-dom-expedito-lopes","status":"publish","type":"post","link":"https:\/\/pinews.com.br\/index.php\/2024\/08\/20\/pai-e-filhos-de-10-e-14-anos-ficam-gravemente-feridos-apos-colisao-frontal-com-caminhao-em-dom-expedito-lopes\/","title":{"rendered":"Pai e filhos de 10 e 14 anos ficam gravemente feridos ap\u00f3s colis\u00e3o frontal com caminh\u00e3o em Dom Expedito Lopes"},"content":{"rendered":"\n<p>Um\u00a0homem de 55 anos\u00a0e seus dois filhos,\u00a0uma menina de 14\u00a0e um\u00a0menino de 10 anos, ficaram gravemente feridos na tarde desta ter\u00e7a-feira (20) ap\u00f3s o carro que eles estavam bater de frente com um caminh\u00e3o na BR 316, em\u00a0Dom Expedito Lopes, a 286 km ao sul de Teresina.<\/p>\n\n\n\n<p>Segundo o inspetor Adel Barbosa, da Pol\u00edcia Rodovi\u00e1ria Federal (PRF),\u00a0o motorista do caminh\u00e3o n\u00e3o ficou ferido\u00a0e\u00a0foi submetido ao teste de alcoolemia que deu negativo\u00a0para o consumo de \u00e1lcool.<\/p>\n\n\n\n<p>De acordo com a pol\u00edcia, o carro de passeio dirigido pelo pai das crian\u00e7as\u00a0invadiu a contram\u00e3o e colidiu frontalmente com o caminh\u00e3o. Para a PRF a suspeita \u00e9 que o homem de 55 anos tentou fazer uma\u00a0ultrapassagem indevida\u00a0quando o acidente aconteceu.<\/p>\n\n\n\n<p>As tr\u00eas v\u00edtimas foram socorridas por uma ambul\u00e2ncia do Servi\u00e7o de Atendimento M\u00f3vel de Urg\u00eancia (Samu) e encaminhadas para o\u00a0Hospital Regional Justino Luz, que fica em Picos, a 27 km de Dom Expedito.<\/p>\n\n\n\n<figure class=\"wp-block-image\"><img decoding=\"async\" src=\"https:\/\/s2-g1.glbimg.com\/ASTQP1nz5E1C85CHokJCE3QufhE=\/0x0:1600x737\/984x0\/smart\/filters:strip_icc()\/i.s3.glbimg.com\/v1\/AUTH_59edd422c0c84a879bd37670ae4f538a\/internal_photos\/bs\/2024\/F\/A\/IEcR69ROSAS8B7QrmTYw\/whatsapp-image-2024-08-20-at-19.10.54.jpeg\" alt=\"Pai e filhos de 10 e 14 anos ficam gravemente feridos ap\u00f3s colis\u00e3o frontal com caminh\u00e3o no Sul do Piau\u00ed \u2014 Foto: Divulga\u00e7\u00e3o \/ PRF\"\/><figcaption class=\"wp-element-caption\">Pai e filhos de 10 e 14 anos ficam gravemente feridos ap\u00f3s colis\u00e3o frontal com caminh\u00e3o no Sul do Piau\u00ed \u2014 Foto: Divulga\u00e7\u00e3o \/ PRF<\/figcaption><\/figure>\n\n\n\n<p><strong>Fonte: G1 PI <\/strong><\/p>\n","protected":false},"excerpt":{"rendered":"<p>Um\u00a0homem de 55 anos\u00a0e seus dois filhos,\u00a0uma menina de 14\u00a0e um\u00a0menino de 10 anos, ficaram gravemente feridos na tarde desta ter\u00e7a-feira (20) ap\u00f3s o carro que eles estavam bater de frente com um caminh\u00e3o na BR 316, em\u00a0Dom Expedito Lopes, a 286 km ao sul de Teresina. Segundo o inspetor Adel Barbosa, da Pol\u00edcia Rodovi\u00e1ria [&hellip;]<\/p>\n","protected":false},"author":1,"featured_media":59656,"comment_status":"open","ping_status":"open","sticky":false,"template":"","format":"standard","meta":{"beyondwords_generate_audio":"","beyondwords_project_id":"","beyondwords_podcast_id":"","beyondwords_hash":"","beyondwords_error_message":"","beyondwords_disabled":"","publish_post_to_speechkit":"","speechkit_generate_audio":"","speechkit_project_id":"","speechkit_podcast_id":"","speechkit_hash":"","speechkit_error_message":"","speechkit_disabled":"","speechkit_access_key":"","speechkit_error":"","speechkit_info":"","speechkit_response":"","speechkit_retries":"","_speechkit_link":"","_speechkit_text":""},"categories":[51],"tags":[408,827,82,70,188,256,44,5776,46,8058,254,416,443,660,812,8059,290],"jetpack_featured_media_url":"https:\/\/pinews.com.br\/wp-content\/uploads\/2024\/08\/whatsapp-image-2024-08-20-at-19.10.54-1-.jpeg","_links":{"self":[{"href":"https:\/\/pinews.com.br\/index.php\/wp-json\/wp\/v2\/posts\/59655"}],"collection":[{"href":"https:\/\/pinews.com.br\/index.php\/wp-json\/wp\/v2\/posts"}],"about":[{"href":"https:\/\/pinews.com.br\/index.php\/wp-json\/wp\/v2\/types\/post"}],"author":[{"embeddable":true,"href":"https:\/\/pinews.com.br\/index.php\/wp-json\/wp\/v2\/users\/1"}],"replies":[{"embeddable":true,"href":"https:\/\/pinews.com.br\/index.php\/wp-json\/wp\/v2\/comments?post=59655"}],"version-history":[{"count":1,"href":"https:\/\/pinews.com.br\/index.php\/wp-json\/wp\/v2\/posts\/59655\/revisions"}],"predecessor-version":[{"id":59657,"href":"https:\/\/pinews.com.br\/index.php\/wp-json\/wp\/v2\/posts\/59655\/revisions\/59657"}],"wp:featuredmedia":[{"embeddable":true,"href":"https:\/\/pinews.com.br\/index.php\/wp-json\/wp\/v2\/media\/59656"}],"wp:attachment":[{"href":"https:\/\/pinews.com.br\/index.php\/wp-json\/wp\/v2\/media?parent=59655"}],"wp:term":[{"taxonomy":"category","embeddable":true,"href":"https:\/\/pinews.com.br\/index.php\/wp-json\/wp\/v2\/categories?post=59655"},{"taxonomy":"post_tag","embeddable":true,"href":"https:\/\/pinews.com.br\/index.php\/wp-json\/wp\/v2\/tags?post=59655"}],"curies":[{"name":"wp","href":"https:\/\/api.w.org\/{rel}","templated":true}]}}