{"id":5969,"date":"2020-03-07T12:36:06","date_gmt":"2020-03-07T15:36:06","guid":{"rendered":"https:\/\/pinews.com.br\/?p=5969"},"modified":"2020-03-07T12:36:06","modified_gmt":"2020-03-07T15:36:06","slug":"crianca-de-5-anos-morre-apos-ser-atingida-por-raio-no-piaui","status":"publish","type":"post","link":"https:\/\/pinews.com.br\/index.php\/2020\/03\/07\/crianca-de-5-anos-morre-apos-ser-atingida-por-raio-no-piaui\/","title":{"rendered":"Crian\u00e7a de 5 anos morre ap\u00f3s ser atingida por raio no Piau\u00ed"},"content":{"rendered":"\n<p><em>Foto: Reprodu\u00e7\u00e3o<\/em> <\/p>\n\n\n\n<p style=\"text-align:justify\">Uma crian\u00e7a de cinco anos veio a \u00f3bito na noite desta sexta-feira (06) ao ser atingida por um raio na comunidade de Pereiros, na cidade de Nossa Senhora de Nazar\u00e9, sul do estado. &nbsp;A trag\u00e9dia aconteceu por voltas das 21h, durante um temporal.<\/p>\n\n\n\n<p style=\"text-align:justify\">De acordo com informa\u00e7\u00f5es da Pol\u00edcia Militar local, o raio caiu no quintal da resid\u00eancia e a menina, que estava dentro de casa, sofreu com os efeitos da descarga el\u00e9trica. Heloisa, como foi identificada, brincava no ch\u00e3o e n\u00e3o estava pr\u00f3xima a nenhum equipamento eletr\u00f4nico.<\/p>\n\n\n\n<p style=\"text-align:justify\"><strong>Per\u00edodo chuvoso \u00e9 uma alerta para os perigos dos raios<\/strong><\/p>\n\n\n\n<p style=\"text-align:justify\">As consequ\u00eancias das descargas el\u00e9tricas de um raio podem ser desastrosas, em raz\u00e3o da grande quantidade de energia que \u00e9 liberada durante a descarga. Algumas medidas preventivas podem ser tomadas no intuito de manter-se seguro contra raios. Medidas como: evitar condutores, tais como: antenas, \u00e1gua, materiais el\u00e9tricos, etc; durante uma tempestade evitar lugares abertos, n\u00e3o ficar sob \u00e1rvores, eleva\u00e7\u00f5es, etc e n\u00e3o tomar banho, pois no caso de uma descarga de alto potencial a \u00e1gua pode conduzir energia el\u00e9trica.<\/p>\n\n\n\n<p><strong>Fonte: Meio Norte <\/strong><\/p>\n","protected":false},"excerpt":{"rendered":"<p>Foto: Reprodu\u00e7\u00e3o Uma crian\u00e7a de cinco anos veio a \u00f3bito na noite desta sexta-feira (06) ao ser atingida por um raio na comunidade de Pereiros, na cidade de Nossa Senhora de Nazar\u00e9, sul do estado. &nbsp;A trag\u00e9dia aconteceu por voltas das 21h, durante um temporal. De acordo com informa\u00e7\u00f5es da Pol\u00edcia Militar local, o raio [&hellip;]<\/p>\n","protected":false},"author":1,"featured_media":5970,"comment_status":"open","ping_status":"open","sticky":false,"template":"","format":"standard","meta":{"beyondwords_generate_audio":"","beyondwords_project_id":"","beyondwords_podcast_id":"","beyondwords_hash":"","beyondwords_error_message":"","beyondwords_disabled":"","publish_post_to_speechkit":"","speechkit_generate_audio":"","speechkit_project_id":"","speechkit_podcast_id":"","speechkit_hash":"","speechkit_error_message":"","speechkit_disabled":"","speechkit_access_key":"","speechkit_error":"","speechkit_info":"","speechkit_response":"","speechkit_retries":"","_speechkit_link":"","_speechkit_text":""},"categories":[51],"tags":[860,221,52,53],"jetpack_featured_media_url":"","_links":{"self":[{"href":"https:\/\/pinews.com.br\/index.php\/wp-json\/wp\/v2\/posts\/5969"}],"collection":[{"href":"https:\/\/pinews.com.br\/index.php\/wp-json\/wp\/v2\/posts"}],"about":[{"href":"https:\/\/pinews.com.br\/index.php\/wp-json\/wp\/v2\/types\/post"}],"author":[{"embeddable":true,"href":"https:\/\/pinews.com.br\/index.php\/wp-json\/wp\/v2\/users\/1"}],"replies":[{"embeddable":true,"href":"https:\/\/pinews.com.br\/index.php\/wp-json\/wp\/v2\/comments?post=5969"}],"version-history":[{"count":0,"href":"https:\/\/pinews.com.br\/index.php\/wp-json\/wp\/v2\/posts\/5969\/revisions"}],"wp:featuredmedia":[{"embeddable":true,"href":"https:\/\/pinews.com.br\/index.php\/wp-json\/"}],"wp:attachment":[{"href":"https:\/\/pinews.com.br\/index.php\/wp-json\/wp\/v2\/media?parent=5969"}],"wp:term":[{"taxonomy":"category","embeddable":true,"href":"https:\/\/pinews.com.br\/index.php\/wp-json\/wp\/v2\/categories?post=5969"},{"taxonomy":"post_tag","embeddable":true,"href":"https:\/\/pinews.com.br\/index.php\/wp-json\/wp\/v2\/tags?post=5969"}],"curies":[{"name":"wp","href":"https:\/\/api.w.org\/{rel}","templated":true}]}}