{"id":59695,"date":"2024-08-23T21:09:59","date_gmt":"2024-08-24T00:09:59","guid":{"rendered":"https:\/\/pinews.com.br\/?p=59695"},"modified":"2024-08-23T21:10:58","modified_gmt":"2024-08-24T00:10:58","slug":"professora-de-32-anos-passa-mal-em-academia-no-piaui-e-morre-apos-dois-dias-devido-a-aneurisma","status":"publish","type":"post","link":"https:\/\/pinews.com.br\/index.php\/2024\/08\/23\/professora-de-32-anos-passa-mal-em-academia-no-piaui-e-morre-apos-dois-dias-devido-a-aneurisma\/","title":{"rendered":"Professora de 32 anos passa mal em academia no Piau\u00ed e morre ap\u00f3s dois dias devido a aneurisma"},"content":{"rendered":"\n<p>A professora&nbsp;K\u00e9rcya Bispo de Freitas, de 32 anos, faleceu na madrugada desta sexta-feira (23), no Hospital Get\u00falio Vargas (HGV), em&nbsp;Teresina, dois dias ap\u00f3s sofrer um aneurisma em uma academia em&nbsp;Santa Rosa do Piau\u00ed, a 271 km da capital.<\/p>\n\n\n\n<p>Ao&nbsp;g1, uma prima da professora relatou que K\u00e9rcya foi \u00e0 academia em sua cidade natal, na \u00faltima ter\u00e7a-feira (20), passou mal durante um exerc\u00edcio e ficou desacordada. Ela foi socorrida e levada ao Hospital de Pequeno Porte (HPP) do munic\u00edpio.<\/p>\n\n\n\n<p>Devido ao quadro de sa\u00fade da paciente, ela foi transferida para a Unidade de Pronto Atendimento (UPA) de&nbsp;Oeiras, onde a equipe m\u00e9dica constatou um&nbsp;aneurisma com hemorragia grave&nbsp;no c\u00e9rebro.<\/p>\n\n\n\n<blockquote class=\"wp-block-quote\">\n<p>\u201cDesde que ela caiu desacordada, n\u00e3o teve rea\u00e7\u00e3o alguma. Ela foi estabilizada em Oeiras e, ao fazerem a tomografia, detectaram o aneurisma. Disseram que o quadro dela era grav\u00edssimo\u201d, contou a prima de K\u00e9rcya.<\/p>\n<\/blockquote>\n\n\n\n<p>Os m\u00e9dicos da UPA conseguiram estabilizar a press\u00e3o e satura\u00e7\u00e3o de K\u00e9rcya, mas a press\u00e3o da professora voltou a cair. Eles precisaram aguardar a abertura de uma vaga no HGV para encaminh\u00e1-la ao hospital de Teresina, onde faleceu nesta sexta.<\/p>\n\n\n\n<p>\u201cNo \u00faltimo boletim, j\u00e1 em Teresina, os m\u00e9dicos falaram que ela continuava sem evolu\u00e7\u00e3o. Ela estava em ventila\u00e7\u00e3o mec\u00e2nica, mas morreu durante a madrugada.&nbsp;A m\u00e3e dela e uma tia tamb\u00e9m faleceram ap\u00f3s sofrerem aneurismas\u201d, acrescentou a parente da professora.<\/p>\n\n\n\n<h2>Fam\u00edlia lamenta perda<\/h2>\n\n\n\n<p>K\u00e9rcya dava aulas para os alunos da educa\u00e7\u00e3o infantil na Escola Municipal Jos\u00e9 do Nascimento e Silva, no povoado Santana, zona rural de Santa Rosa do Piau\u00ed. Ela ser\u00e1 velada em sua casa, na tarde desta sexta.<\/p>\n\n\n\n<p>Segundo a prima da professora, apesar do momento de tristeza, a fam\u00edlia prefere lembrar dos bons momentos vivenciados ao seu lado.<\/p>\n\n\n\n<blockquote class=\"wp-block-quote\">\n<p>&#8220;Ela era a alegria em pessoa. N\u00e3o existe falar dela e n\u00e3o sorrir. Adorava juntar os amigos para subir a serra, ir para o riacho, para a ro\u00e7a do pai fazer comida e ficar cantando. Era humana demais. A cada v\u00eddeo e foto que vamos vendo,&nbsp;a gente ri e chora&#8221;, acrescentou.<\/p>\n<\/blockquote>\n\n\n\n<h2>Prefeitura lamenta<\/h2>\n\n\n\n<p>Em nota, o prefeito de Santa Rosa do Piau\u00ed, Ver\u00edssimo Siqueira (PT), lamentou a morte da K\u00e9rcya e decretou luto oficial de tr\u00eas dias na cidade.&nbsp;<strong>Confira abaixo:<\/strong><\/p>\n\n\n\n<p><em>A Prefeitura Municipal de Santa Rosa do Piau\u00ed, atrav\u00e9s do Prefeito Ver\u00edssimo Siqueira, do vice-prefeito Chico Santos e do Secret\u00e1rio de Educa\u00e7\u00e3o Jailson Silva, manifesta o mais profundo pesar pela morte prematura da Professora K\u00e9rcya Bispo de Freitas.<\/em><\/p>\n\n\n\n<p><em>Como forma de respeito \u00e0 mem\u00f3ria da dedicada professora DECRETO LUTO oficial de tr\u00eas dias.<\/em><\/p>\n\n\n\n<p><em>Em sinal de luto pela morte de K\u00e9rcya, determino o hasteamento da Bandeira de Santa Rosa a meio mastro.<\/em><\/p>\n\n\n\n<figure class=\"wp-block-image\"><img decoding=\"async\" src=\"https:\/\/s2-g1.glbimg.com\/CSxzqMIZOXXZUaEAgNwZBfPNxbQ=\/0x0:1080x1350\/984x0\/smart\/filters:strip_icc()\/i.s3.glbimg.com\/v1\/AUTH_59edd422c0c84a879bd37670ae4f538a\/internal_photos\/bs\/2024\/3\/0\/6zB9uFRtiSYCCs0P79kA\/whatsapp-image-2024-08-23-at-16.35.31.jpeg\" alt=\"Professora passa mal em academia e morre dois dias ap\u00f3s sofrer aneurisma \u2014 Foto: Prefeitura de Santa Rosa do Piau\u00ed\"\/><figcaption class=\"wp-element-caption\">Professora passa mal em academia e morre dois dias ap\u00f3s sofrer aneurisma \u2014 Foto: Prefeitura de Santa Rosa do Piau\u00ed<\/figcaption><\/figure>\n\n\n\n<p><strong>Fonte: G1 PI <\/strong><\/p>\n","protected":false},"excerpt":{"rendered":"<p>A professora&nbsp;K\u00e9rcya Bispo de Freitas, de 32 anos, faleceu na madrugada desta sexta-feira (23), no Hospital Get\u00falio Vargas (HGV), em&nbsp;Teresina, dois dias ap\u00f3s sofrer um aneurisma em uma academia em&nbsp;Santa Rosa do Piau\u00ed, a 271 km da capital. Ao&nbsp;g1, uma prima da professora relatou que K\u00e9rcya foi \u00e0 academia em sua cidade natal, na \u00faltima [&hellip;]<\/p>\n","protected":false},"author":4,"featured_media":59696,"comment_status":"open","ping_status":"open","sticky":false,"template":"","format":"standard","meta":{"beyondwords_generate_audio":"1","beyondwords_project_id":"","beyondwords_podcast_id":"","beyondwords_hash":"","beyondwords_error_message":"","beyondwords_disabled":"","publish_post_to_speechkit":"","speechkit_generate_audio":"","speechkit_project_id":"","speechkit_podcast_id":"","speechkit_hash":"","speechkit_error_message":"","speechkit_disabled":"","speechkit_access_key":"","speechkit_error":"","speechkit_info":"","speechkit_response":"","speechkit_retries":"","_speechkit_link":"","_speechkit_text":""},"categories":[51],"tags":[876,3659,12340,82,70,44,6457,787,106,46,368,119,369,52,1905],"jetpack_featured_media_url":"https:\/\/pinews.com.br\/wp-content\/uploads\/2024\/08\/whatsapp-image-2024-08-23-at-16.36.39.jpeg","_links":{"self":[{"href":"https:\/\/pinews.com.br\/index.php\/wp-json\/wp\/v2\/posts\/59695"}],"collection":[{"href":"https:\/\/pinews.com.br\/index.php\/wp-json\/wp\/v2\/posts"}],"about":[{"href":"https:\/\/pinews.com.br\/index.php\/wp-json\/wp\/v2\/types\/post"}],"author":[{"embeddable":true,"href":"https:\/\/pinews.com.br\/index.php\/wp-json\/wp\/v2\/users\/4"}],"replies":[{"embeddable":true,"href":"https:\/\/pinews.com.br\/index.php\/wp-json\/wp\/v2\/comments?post=59695"}],"version-history":[{"count":2,"href":"https:\/\/pinews.com.br\/index.php\/wp-json\/wp\/v2\/posts\/59695\/revisions"}],"predecessor-version":[{"id":59698,"href":"https:\/\/pinews.com.br\/index.php\/wp-json\/wp\/v2\/posts\/59695\/revisions\/59698"}],"wp:featuredmedia":[{"embeddable":true,"href":"https:\/\/pinews.com.br\/index.php\/wp-json\/wp\/v2\/media\/59696"}],"wp:attachment":[{"href":"https:\/\/pinews.com.br\/index.php\/wp-json\/wp\/v2\/media?parent=59695"}],"wp:term":[{"taxonomy":"category","embeddable":true,"href":"https:\/\/pinews.com.br\/index.php\/wp-json\/wp\/v2\/categories?post=59695"},{"taxonomy":"post_tag","embeddable":true,"href":"https:\/\/pinews.com.br\/index.php\/wp-json\/wp\/v2\/tags?post=59695"}],"curies":[{"name":"wp","href":"https:\/\/api.w.org\/{rel}","templated":true}]}}