{"id":59705,"date":"2024-08-24T21:27:04","date_gmt":"2024-08-25T00:27:04","guid":{"rendered":"https:\/\/pinews.com.br\/?p=59705"},"modified":"2024-08-24T21:27:06","modified_gmt":"2024-08-25T00:27:06","slug":"vereador-de-cidade-do-piaui-investigado-por-estupro-de-vulneravel-contra-garota-de-13-anos-e-preso-por-posse-de-arma","status":"publish","type":"post","link":"https:\/\/pinews.com.br\/index.php\/2024\/08\/24\/vereador-de-cidade-do-piaui-investigado-por-estupro-de-vulneravel-contra-garota-de-13-anos-e-preso-por-posse-de-arma\/","title":{"rendered":"Vereador de cidade do Piau\u00ed investigado por estupro de vulner\u00e1vel contra garota de 13 anos \u00e9 preso por posse de arma"},"content":{"rendered":"\n<p>O vereador\u00a0Z\u00e9 do Chico Bento\u00a0(DC), de\u00a0Bom Princ\u00edpio do Piau\u00ed, Norte do Estado,\u00a0foi preso neste s\u00e1bado (24) por posse ilegal de arma de fogo. Ele \u00e9 investigado por estupro de vulner\u00e1vel e, por isso, a pol\u00edcia cumpriu mandado de busca e apreens\u00e3o em sua resid\u00eancia.\u00a0A defesa do parlamentar alega inoc\u00eancia e diz que isso ser\u00e1 provado no decorrer da investiga\u00e7\u00e3o\u00a0(leia mais ao fim da reportagem).<\/p>\n\n\n\n<p>O parlamentar, que \u00e9 candidato \u00e0 reelei\u00e7\u00e3o, teria cometido o crime de\u00a0estupro contra uma garota de 13 anos, moradora de Bom Princ\u00edpio do Piau\u00ed, em 2023.\u00a0A menina, segundo a pol\u00edcia, est\u00e1 gr\u00e1vida. O crime est\u00e1 sendo investigado pela delegacia de Buriti dos Lopes, que tem como titular o delegado Herbster Santos.<\/p>\n\n\n\n<p>O mandado foi cumprido pela Pol\u00edcia Civil do Piau\u00ed em conjunto com a Primeira Promotoria de Justi\u00e7a e apoio do GPM de Buriti dos Lopes.<\/p>\n\n\n\n<blockquote class=\"wp-block-quote\">\n<p>&#8220;Durante o cumprimento do mandado foi apreendido um rev\u00f3lver calibre 32 municiado e o aparelho celular do investigado, o que ir\u00e1 subsidiar as investiga\u00e7\u00f5es,&nbsp;e resultou na pris\u00e3o em flagrante do nacional J. de A.L.A. [Jos\u00e9 de Arimat\u00e9ia Lima de Albuquerque, o vereador Z\u00e9 do Chico Bento]&nbsp;pelo crime de posse ilegal de arma de fogo de uso permitido&#8221;, informou a pol\u00edcia em nota.<\/p>\n<\/blockquote>\n\n\n\n<p>Ele foi conduzido para a Delegacia, onde foi lavrado um Auto de Pris\u00e3o em Flagrante. A pol\u00edcia informou ainda que foram aplicadas as medidas cautelares em desfavor do vereador, que s\u00e3o:<\/p>\n\n\n\n<ul>\n<li><strong>proibi\u00e7\u00e3o de ausentar-se da Comarca&nbsp;<\/strong>de Buriti dos Lopes- Pl enquanto perdurar a investiga\u00e7\u00e3o criminal sem autoriza\u00e7\u00e3o judicial;<\/li>\n\n\n\n<li><strong>suspens\u00e3o do cargo pol\u00edtico de vereador<\/strong>&nbsp;da cidade de Bom Princ\u00edpio\u2028Pl, pelo prazo 06 (seis) meses, sem preju\u00edzo de nova prorroga\u00e7\u00e3o,<\/li>\n\n\n\n<li><strong>proibi\u00e7\u00e3o de acesso ao pr\u00e9dio da C\u00e2mara<\/strong>&nbsp;de vereadores e exerc\u00edcio de qualquer fun\u00e7\u00e3o parlamentar;<\/li>\n\n\n\n<li>uso de<strong>&nbsp;tornozeleira&nbsp;<\/strong>eletr\u00f4nica.<\/li>\n<\/ul>\n\n\n\n<h2>O que diz a defesa<\/h2>\n\n\n\n<p>M\u00e1rcio Mour\u00e3o, advogado do vereador, disse que h\u00e1 uma acusa\u00e7\u00e3o contra ele, mas ficar\u00e1 provado que n\u00e3o houve estupro.<\/p>\n\n\n\n<p>&#8220;\u00c0 medida que avan\u00e7a [a investiga\u00e7\u00e3o], ficar\u00e1 provado. O juiz decidiu pela n\u00e3o pris\u00e3o, ele foi detido por posse de arma de fogo e vai ficar provada a inoc\u00eancia dele por envolvimento com essa mo\u00e7a em Bom Princ\u00edpio. Vai ficar esclarecido que ele n\u00e3o tem envolvimento, vamos provar no processo. Tamb\u00e9m compreendemos papel do Minist\u00e9rio P\u00fablico e Justi\u00e7a de apurar com cautela&#8221;, informou.<\/p>\n\n\n\n<p>A arma ele j\u00e1 tinha h\u00e1 muito tempo, pessoas que moram em comunidade rural normalmente t\u00eam e foi trazido \u00e0 Central de Flagrantes para isso.<\/p>\n\n\n\n<p><strong>Fonte: G1 PI <\/strong><\/p>\n","protected":false},"excerpt":{"rendered":"<p>O vereador\u00a0Z\u00e9 do Chico Bento\u00a0(DC), de\u00a0Bom Princ\u00edpio do Piau\u00ed, Norte do Estado,\u00a0foi preso neste s\u00e1bado (24) por posse ilegal de arma de fogo. Ele \u00e9 investigado por estupro de vulner\u00e1vel e, por isso, a pol\u00edcia cumpriu mandado de busca e apreens\u00e3o em sua resid\u00eancia.\u00a0A defesa do parlamentar alega inoc\u00eancia e diz que isso ser\u00e1 provado [&hellip;]<\/p>\n","protected":false},"author":4,"featured_media":59706,"comment_status":"open","ping_status":"open","sticky":false,"template":"","format":"standard","meta":{"beyondwords_generate_audio":"","beyondwords_project_id":"","beyondwords_podcast_id":"","beyondwords_hash":"","beyondwords_error_message":"","beyondwords_disabled":"","publish_post_to_speechkit":"","speechkit_generate_audio":"","speechkit_project_id":"","speechkit_podcast_id":"","speechkit_hash":"","speechkit_error_message":"","speechkit_disabled":"","speechkit_access_key":"","speechkit_error":"","speechkit_info":"","speechkit_response":"","speechkit_retries":"","_speechkit_link":"","_speechkit_text":""},"categories":[51,78],"tags":[426,82,326,63,294,44,72,236,503,6741,52,59,5393,79,234,241],"jetpack_featured_media_url":"https:\/\/pinews.com.br\/wp-content\/uploads\/2024\/08\/whatsapp-image-2024-08-24-at-10.58.06.jpeg","_links":{"self":[{"href":"https:\/\/pinews.com.br\/index.php\/wp-json\/wp\/v2\/posts\/59705"}],"collection":[{"href":"https:\/\/pinews.com.br\/index.php\/wp-json\/wp\/v2\/posts"}],"about":[{"href":"https:\/\/pinews.com.br\/index.php\/wp-json\/wp\/v2\/types\/post"}],"author":[{"embeddable":true,"href":"https:\/\/pinews.com.br\/index.php\/wp-json\/wp\/v2\/users\/4"}],"replies":[{"embeddable":true,"href":"https:\/\/pinews.com.br\/index.php\/wp-json\/wp\/v2\/comments?post=59705"}],"version-history":[{"count":1,"href":"https:\/\/pinews.com.br\/index.php\/wp-json\/wp\/v2\/posts\/59705\/revisions"}],"predecessor-version":[{"id":59707,"href":"https:\/\/pinews.com.br\/index.php\/wp-json\/wp\/v2\/posts\/59705\/revisions\/59707"}],"wp:featuredmedia":[{"embeddable":true,"href":"https:\/\/pinews.com.br\/index.php\/wp-json\/wp\/v2\/media\/59706"}],"wp:attachment":[{"href":"https:\/\/pinews.com.br\/index.php\/wp-json\/wp\/v2\/media?parent=59705"}],"wp:term":[{"taxonomy":"category","embeddable":true,"href":"https:\/\/pinews.com.br\/index.php\/wp-json\/wp\/v2\/categories?post=59705"},{"taxonomy":"post_tag","embeddable":true,"href":"https:\/\/pinews.com.br\/index.php\/wp-json\/wp\/v2\/tags?post=59705"}],"curies":[{"name":"wp","href":"https:\/\/api.w.org\/{rel}","templated":true}]}}