{"id":59758,"date":"2024-08-26T21:09:04","date_gmt":"2024-08-27T00:09:04","guid":{"rendered":"https:\/\/pinews.com.br\/?p=59758"},"modified":"2024-08-26T21:09:05","modified_gmt":"2024-08-27T00:09:05","slug":"homens-sao-presos-no-piaui-com-quadriciclos-furtados-em-jericoacoara","status":"publish","type":"post","link":"https:\/\/pinews.com.br\/index.php\/2024\/08\/26\/homens-sao-presos-no-piaui-com-quadriciclos-furtados-em-jericoacoara\/","title":{"rendered":"Homens s\u00e3o presos no Piau\u00ed com quadriciclos furtados em Jericoacoara"},"content":{"rendered":"\n<p>Tr\u00eas homens foram presos na sexta-feira (23), em\u00a0Bom Jesus, a 601 km de Teresina, suspeitos de apropria\u00e7\u00e3o ind\u00e9bita de tr\u00eas quadriciclos. O motorista, de 31 anos, e dois passageiros, de 31 e 37 anos, haviam alugado os ve\u00edculos em Jericoacoara, no Cear\u00e1, na quinta-feira (22), e n\u00e3o retornaram para devolv\u00ea-los.<\/p>\n\n\n\n<p>Conforme a PRF, policiais abordaram um carro com reboque transportando tr\u00eas quadriciclos na BR-135, durante fiscaliza\u00e7\u00e3o de rotina.<\/p>\n\n\n\n<p>Os tr\u00eas homens que estavam no ve\u00edculo alegaram que moravam em Lu\u00eds Eduardo Magalh\u00e3es, na Bahia, e que haviam ido \u00e0 cidade de Floriano buscar os quadriciclos para manuten\u00e7\u00e3o.<\/p>\n\n\n\n<p>Um dos passageiros se disse respons\u00e1vel pelos quadriciclos e disse ser mec\u00e2nico, mas apresentou contradi\u00e7\u00f5es em seu relato.<\/p>\n\n\n\n<p>Durante averigua\u00e7\u00e3o, a pol\u00edcia notou que&nbsp;um dos ve\u00edculos continha a logomarca do Parque Nacional de Jericoacoara.&nbsp;Ap\u00f3s contato com a Pol\u00edcia Civil do Cear\u00e1, foi constatado que os tr\u00eas quadriciclos haviam sido alugados em Jericoacoara por tr\u00eas pessoas na quinta (22), para um per\u00edodo de 24 horas, e que ainda n\u00e3o haviam sido devolvidos.<\/p>\n\n\n\n<p>Ainda segundo a PRF,\u00a0os aparelhos de GPS dos ve\u00edculos foram removidos e deixados em uma pousada na cidade.\u00a0Adesivos de identifica\u00e7\u00e3o tamb\u00e9m foram retirados.<\/p>\n\n\n\n<p>A propriet\u00e1ria dos ve\u00edculos informou que um dos homens tentou renovar o aluguel por mais 24 horas, mas n\u00e3o realizou o pagamento.<\/p>\n\n\n\n<p>O motorista e os dois passageiros foram encaminhados para a Delegacia de Pol\u00edcia Civil de Bom Jesus. Os quadriciclos, o ve\u00edculo, o reboque e cinco capacetes foram apreendidos.<\/p>\n\n\n\n<p>Em depoimento,&nbsp;os homens relataram que tinham inten\u00e7\u00e3o de vender os ve\u00edculos em Lu\u00eds Eduardo Magalh\u00e3es (BA).&nbsp;Os suspeitos moram em Bras\u00edlia.<\/p>\n\n\n\n<figure class=\"wp-block-image\"><img decoding=\"async\" src=\"https:\/\/s2-g1.glbimg.com\/hZ5iuK1X2KwyefnKniO3c8alMs4=\/0x0:768x576\/984x0\/smart\/filters:strip_icc()\/i.s3.glbimg.com\/v1\/AUTH_59edd422c0c84a879bd37670ae4f538a\/internal_photos\/bs\/2024\/x\/6\/3RmBH4Q6OzyXL6xVrcaw\/3493393b-14bf-4adb-8cb1-c588340489aa.png\" alt=\"Homens s\u00e3o presos em Bom Jesus levando tr\u00eas quadriciclos alugados para outro munic\u00edpio \u2014 Foto: PRF-PI\"\/><figcaption class=\"wp-element-caption\">Homens s\u00e3o presos em Bom Jesus levando tr\u00eas quadriciclos alugados para outro munic\u00edpio \u2014 Foto: PRF-PI<\/figcaption><\/figure>\n\n\n\n<p><strong>Fonte: G1 PI <\/strong><\/p>\n","protected":false},"excerpt":{"rendered":"<p>Tr\u00eas homens foram presos na sexta-feira (23), em\u00a0Bom Jesus, a 601 km de Teresina, suspeitos de apropria\u00e7\u00e3o ind\u00e9bita de tr\u00eas quadriciclos. O motorista, de 31 anos, e dois passageiros, de 31 e 37 anos, haviam alugado os ve\u00edculos em Jericoacoara, no Cear\u00e1, na quinta-feira (22), e n\u00e3o retornaram para devolv\u00ea-los. Conforme a PRF, policiais abordaram [&hellip;]<\/p>\n","protected":false},"author":1,"featured_media":59759,"comment_status":"open","ping_status":"open","sticky":false,"template":"","format":"standard","meta":{"beyondwords_generate_audio":"","beyondwords_project_id":"","beyondwords_podcast_id":"","beyondwords_hash":"","beyondwords_error_message":"","beyondwords_disabled":"","publish_post_to_speechkit":"","speechkit_generate_audio":"","speechkit_project_id":"","speechkit_podcast_id":"","speechkit_hash":"","speechkit_error_message":"","speechkit_disabled":"","speechkit_access_key":"","speechkit_error":"","speechkit_info":"","speechkit_response":"","speechkit_retries":"","_speechkit_link":"","_speechkit_text":""},"categories":[51,78],"tags":[46,926,108,6421,52,600,12344,362],"jetpack_featured_media_url":"https:\/\/pinews.com.br\/wp-content\/uploads\/2024\/08\/041c6443-224c-42de-ad14-27767addfda4.jpeg","_links":{"self":[{"href":"https:\/\/pinews.com.br\/index.php\/wp-json\/wp\/v2\/posts\/59758"}],"collection":[{"href":"https:\/\/pinews.com.br\/index.php\/wp-json\/wp\/v2\/posts"}],"about":[{"href":"https:\/\/pinews.com.br\/index.php\/wp-json\/wp\/v2\/types\/post"}],"author":[{"embeddable":true,"href":"https:\/\/pinews.com.br\/index.php\/wp-json\/wp\/v2\/users\/1"}],"replies":[{"embeddable":true,"href":"https:\/\/pinews.com.br\/index.php\/wp-json\/wp\/v2\/comments?post=59758"}],"version-history":[{"count":1,"href":"https:\/\/pinews.com.br\/index.php\/wp-json\/wp\/v2\/posts\/59758\/revisions"}],"predecessor-version":[{"id":59760,"href":"https:\/\/pinews.com.br\/index.php\/wp-json\/wp\/v2\/posts\/59758\/revisions\/59760"}],"wp:featuredmedia":[{"embeddable":true,"href":"https:\/\/pinews.com.br\/index.php\/wp-json\/wp\/v2\/media\/59759"}],"wp:attachment":[{"href":"https:\/\/pinews.com.br\/index.php\/wp-json\/wp\/v2\/media?parent=59758"}],"wp:term":[{"taxonomy":"category","embeddable":true,"href":"https:\/\/pinews.com.br\/index.php\/wp-json\/wp\/v2\/categories?post=59758"},{"taxonomy":"post_tag","embeddable":true,"href":"https:\/\/pinews.com.br\/index.php\/wp-json\/wp\/v2\/tags?post=59758"}],"curies":[{"name":"wp","href":"https:\/\/api.w.org\/{rel}","templated":true}]}}