{"id":59801,"date":"2024-08-29T19:23:17","date_gmt":"2024-08-29T22:23:17","guid":{"rendered":"https:\/\/pinews.com.br\/?p=59801"},"modified":"2024-08-29T19:23:19","modified_gmt":"2024-08-29T22:23:19","slug":"filho-e-preso-enquanto-tomava-banho-de-rio-suspeito-de-matar-pai-esfaqueado","status":"publish","type":"post","link":"https:\/\/pinews.com.br\/index.php\/2024\/08\/29\/filho-e-preso-enquanto-tomava-banho-de-rio-suspeito-de-matar-pai-esfaqueado\/","title":{"rendered":"Filho \u00e9 preso enquanto tomava banho de rio suspeito de matar pai esfaqueado"},"content":{"rendered":"\n<p>Maciel Craveiro do Nascimento, de 23 anos, foi preso nesta quinta-feira (29), enquanto tomava banho de rio no povoado S\u00e3o Jos\u00e9, zona rural de\u00a0Jos\u00e9 de Freitas, a 55 km de\u00a0Teresina,\u00a0ele \u00e9 suspeito de matar seu pr\u00f3prio pai, Ant\u00f4nio Francisco dos Santos Nascimento, de 57 anos,\u00a0com uma facada no peio.<\/p>\n\n\n\n<p>O crime aconteceu no dia 14 deste m\u00eas, quando os dois estavam dentro da casa onde moravam na localidade Salva Terra, zona rural do munic\u00edpio, e tiveram um desentendimento.<\/p>\n\n\n\n<blockquote class=\"wp-block-quote\">\n<p>&#8220;Pai e filho estavam embriagados e entraram em discuss\u00e3o. O pai golpeou o filho na regi\u00e3o da cabe\u00e7a com uma barra de ferro, e o filho em seguida golpeou o pai com uma faca, na regi\u00e3o da axila&#8221;, explicou a delegada.<\/p>\n<\/blockquote>\n\n\n\n<p>A pris\u00e3o aconteceu por meio de mandado de pris\u00e3o preventiva. Maciel foi encaminhado para o sistema penitenci\u00e1rio, e est\u00e1 \u00e0 disposi\u00e7\u00e3o da Justi\u00e7a.<\/p>\n\n\n\n<h2>O caso<\/h2>\n\n\n\n<p>Ant\u00f4nio Francisco chegou a ser socorrido e encaminhado para o Hospital Nossa Senhora do Livramento, no munic\u00edpio, mas n\u00e3o resistiu aos ferimentos e morreu na unidade de sa\u00fade.<\/p>\n\n\n\n<p>A v\u00edtima tinha passagens pela pol\u00edcia por viol\u00eancia dom\u00e9stica, quando em 2014 agrediu a companheira, m\u00e3e de Marciel Craveiro.<\/p>\n\n\n\n<p><strong>Fonte: G1 PI <\/strong><\/p>\n","protected":false},"excerpt":{"rendered":"<p>Maciel Craveiro do Nascimento, de 23 anos, foi preso nesta quinta-feira (29), enquanto tomava banho de rio no povoado S\u00e3o Jos\u00e9, zona rural de\u00a0Jos\u00e9 de Freitas, a 55 km de\u00a0Teresina,\u00a0ele \u00e9 suspeito de matar seu pr\u00f3prio pai, Ant\u00f4nio Francisco dos Santos Nascimento, de 57 anos,\u00a0com uma facada no peio. O crime aconteceu no dia 14 [&hellip;]<\/p>\n","protected":false},"author":4,"featured_media":59802,"comment_status":"open","ping_status":"open","sticky":false,"template":"","format":"standard","meta":{"beyondwords_generate_audio":"","beyondwords_project_id":"","beyondwords_podcast_id":"","beyondwords_hash":"","beyondwords_error_message":"","beyondwords_disabled":"","publish_post_to_speechkit":"","speechkit_generate_audio":"","speechkit_project_id":"","speechkit_podcast_id":"","speechkit_hash":"","speechkit_error_message":"","speechkit_disabled":"","speechkit_access_key":"","speechkit_error":"","speechkit_info":"","speechkit_response":"","speechkit_retries":"","_speechkit_link":"","_speechkit_text":""},"categories":[51,78],"tags":[2284,44,72,510,502,289,85,290,79,407,130,10231],"jetpack_featured_media_url":"https:\/\/pinews.com.br\/wp-content\/uploads\/2024\/08\/whatsapp-image-2024-08-29-at-14.53.38.jpeg","_links":{"self":[{"href":"https:\/\/pinews.com.br\/index.php\/wp-json\/wp\/v2\/posts\/59801"}],"collection":[{"href":"https:\/\/pinews.com.br\/index.php\/wp-json\/wp\/v2\/posts"}],"about":[{"href":"https:\/\/pinews.com.br\/index.php\/wp-json\/wp\/v2\/types\/post"}],"author":[{"embeddable":true,"href":"https:\/\/pinews.com.br\/index.php\/wp-json\/wp\/v2\/users\/4"}],"replies":[{"embeddable":true,"href":"https:\/\/pinews.com.br\/index.php\/wp-json\/wp\/v2\/comments?post=59801"}],"version-history":[{"count":1,"href":"https:\/\/pinews.com.br\/index.php\/wp-json\/wp\/v2\/posts\/59801\/revisions"}],"predecessor-version":[{"id":59803,"href":"https:\/\/pinews.com.br\/index.php\/wp-json\/wp\/v2\/posts\/59801\/revisions\/59803"}],"wp:featuredmedia":[{"embeddable":true,"href":"https:\/\/pinews.com.br\/index.php\/wp-json\/wp\/v2\/media\/59802"}],"wp:attachment":[{"href":"https:\/\/pinews.com.br\/index.php\/wp-json\/wp\/v2\/media?parent=59801"}],"wp:term":[{"taxonomy":"category","embeddable":true,"href":"https:\/\/pinews.com.br\/index.php\/wp-json\/wp\/v2\/categories?post=59801"},{"taxonomy":"post_tag","embeddable":true,"href":"https:\/\/pinews.com.br\/index.php\/wp-json\/wp\/v2\/tags?post=59801"}],"curies":[{"name":"wp","href":"https:\/\/api.w.org\/{rel}","templated":true}]}}