{"id":59804,"date":"2024-08-29T19:27:52","date_gmt":"2024-08-29T22:27:52","guid":{"rendered":"https:\/\/pinews.com.br\/?p=59804"},"modified":"2024-08-29T19:27:55","modified_gmt":"2024-08-29T22:27:55","slug":"garoto-de-13-anos-e-amarrado-e-vitima-de-estupro-ao-retornar-da-escola-no-piaui","status":"publish","type":"post","link":"https:\/\/pinews.com.br\/index.php\/2024\/08\/29\/garoto-de-13-anos-e-amarrado-e-vitima-de-estupro-ao-retornar-da-escola-no-piaui\/","title":{"rendered":"Garoto de 13 anos \u00e9 amarrado e v\u00edtima de estupro ao retornar da escola no Piau\u00ed"},"content":{"rendered":"\n<p>Um homem de aproximadamente 50 anos foi preso suspeito de estuprar um garoto de apenas 13 anos que voltava da escola. O caso ocorreu na tarde desta quinta-feira (29) no bairro Parque Piau\u00ed, zona Sul de Teresina.<\/p>\n\n\n\n<p>De acordo com o tenente coronel Audivan Nunes, comandante do Batalh\u00e3o RONE, al\u00e9m de sofrer a viol\u00eancia sexual, o adolescente ainda teria sido amarrado.<\/p>\n\n\n\n<p>Ap\u00f3s entrar em luta corporal contra o suspeito, o menino conseguiu se soltar e correu at\u00e9 sua casa para pedir ajuda \u00e0 m\u00e3e.<\/p>\n\n\n\n<p>\u201cEle nega, mas a crian\u00e7a afirma e conta detalhes, ent\u00e3o o delegado vai pedir o exame para saber se houve conjun\u00e7\u00e3o carnal. Independente disso, houve o ato libidinoso que j\u00e1 configura estupro\u201d, afirmou o coronel Audivan. <\/p>\n\n\n\n<p>O suspeito mora a uma rua de dist\u00e2ncia da casa da v\u00edtima e ainda tentou fugir, mas foi capturado por policiais militares do 6\u00ba Batalh\u00e3o.<\/p>\n\n\n\n<p>\u201cEle j\u00e1 tinha pego uma mochila com roupa, tentando empreender fuga. Mas a pol\u00edcia conseguiu identificar e capturar e a crian\u00e7a reconheceu e ele est\u00e1 sendo autuado na Central de Flagrantes\u201d, destacou o coronel. <\/p>\n\n\n\n<p><strong>Fonte: Graciane Ara\u00fajo\/ Cidade Verde <\/strong><\/p>\n","protected":false},"excerpt":{"rendered":"<p>Um homem de aproximadamente 50 anos foi preso suspeito de estuprar um garoto de apenas 13 anos que voltava da escola. O caso ocorreu na tarde desta quinta-feira (29) no bairro Parque Piau\u00ed, zona Sul de Teresina. De acordo com o tenente coronel Audivan Nunes, comandante do Batalh\u00e3o RONE, al\u00e9m de sofrer a viol\u00eancia sexual, [&hellip;]<\/p>\n","protected":false},"author":4,"featured_media":59805,"comment_status":"open","ping_status":"open","sticky":false,"template":"","format":"standard","meta":{"beyondwords_generate_audio":"","beyondwords_project_id":"","beyondwords_podcast_id":"","beyondwords_hash":"","beyondwords_error_message":"","beyondwords_disabled":"","publish_post_to_speechkit":"","speechkit_generate_audio":"","speechkit_project_id":"","speechkit_podcast_id":"","speechkit_hash":"","speechkit_error_message":"","speechkit_disabled":"","speechkit_access_key":"","speechkit_error":"","speechkit_info":"","speechkit_response":"","speechkit_retries":"","_speechkit_link":"","_speechkit_text":""},"categories":[51,78,81],"tags":[426,1290,82,132,122,44,72,1425,236,1543,52,5505,285],"jetpack_featured_media_url":"https:\/\/pinews.com.br\/wp-content\/uploads\/2024\/08\/274ebcaf2ab9dc26b9587ed898cfe325.jpg","_links":{"self":[{"href":"https:\/\/pinews.com.br\/index.php\/wp-json\/wp\/v2\/posts\/59804"}],"collection":[{"href":"https:\/\/pinews.com.br\/index.php\/wp-json\/wp\/v2\/posts"}],"about":[{"href":"https:\/\/pinews.com.br\/index.php\/wp-json\/wp\/v2\/types\/post"}],"author":[{"embeddable":true,"href":"https:\/\/pinews.com.br\/index.php\/wp-json\/wp\/v2\/users\/4"}],"replies":[{"embeddable":true,"href":"https:\/\/pinews.com.br\/index.php\/wp-json\/wp\/v2\/comments?post=59804"}],"version-history":[{"count":1,"href":"https:\/\/pinews.com.br\/index.php\/wp-json\/wp\/v2\/posts\/59804\/revisions"}],"predecessor-version":[{"id":59806,"href":"https:\/\/pinews.com.br\/index.php\/wp-json\/wp\/v2\/posts\/59804\/revisions\/59806"}],"wp:featuredmedia":[{"embeddable":true,"href":"https:\/\/pinews.com.br\/index.php\/wp-json\/wp\/v2\/media\/59805"}],"wp:attachment":[{"href":"https:\/\/pinews.com.br\/index.php\/wp-json\/wp\/v2\/media?parent=59804"}],"wp:term":[{"taxonomy":"category","embeddable":true,"href":"https:\/\/pinews.com.br\/index.php\/wp-json\/wp\/v2\/categories?post=59804"},{"taxonomy":"post_tag","embeddable":true,"href":"https:\/\/pinews.com.br\/index.php\/wp-json\/wp\/v2\/tags?post=59804"}],"curies":[{"name":"wp","href":"https:\/\/api.w.org\/{rel}","templated":true}]}}