{"id":59849,"date":"2024-09-02T12:36:24","date_gmt":"2024-09-02T15:36:24","guid":{"rendered":"https:\/\/pinews.com.br\/?p=59849"},"modified":"2024-09-02T12:36:27","modified_gmt":"2024-09-02T15:36:27","slug":"gas-de-cozinha-tem-aumento-de-r-10-a-partir-de-hoje-2-valor-pode-chegar-a-r-130-em-teresina","status":"publish","type":"post","link":"https:\/\/pinews.com.br\/index.php\/2024\/09\/02\/gas-de-cozinha-tem-aumento-de-r-10-a-partir-de-hoje-2-valor-pode-chegar-a-r-130-em-teresina\/","title":{"rendered":"G\u00e1s de cozinha tem aumento de R$ 10 a partir de hoje (2); valor pode chegar a R$ 130 em Teresina"},"content":{"rendered":"\n<p>O g\u00e1s de cozinha sofreu um aumento de R$ 10 no pre\u00e7o a partir desta segunda-feira (02). De acordo com o sindicato, no Piau\u00ed, o g\u00e1s de cozinha para Teresina deve ficar em torno de R$ 120 a R$ 130.<\/p>\n\n\n\n<p>\u201cEsse aumento \u00e9 esperado em todo m\u00eas de setembro. Ele corresponde ao aumento salarial da categoria. Tanto por parte das distribuidoras, das companhias que envasam, como o aumento salarial dos revendedores, de quem distribui em domic\u00edlio. Esse aumento veio em torno de R$ 10, veio bastante alto e isso por parte das companhias passa a vigorar a partir de hoje. Ela passando este aumento aos seus revendedores e eles reajustaram os seus pre\u00e7os\u201d, explica M\u00e1rcio Coelho, membro da diretoria do Sindig\u00e1s Piau\u00ed. <\/p>\n\n\n\n<p>Segundo o Sindig\u00e1s, o aumento deve ocorrer em todo o Brasil. No interior do Piau\u00ed, a expectativa \u00e9 que o g\u00e1s de cozinha chegue a ficar a cima de R$ 130, devido ao custo do frete.<\/p>\n\n\n\n<p>Em julho deste ano, a Petrobr\u00e1s j\u00e1 havia anunciado um aumento dos pre\u00e7os do g\u00e1s de cozinha para as distribuidoras. Na \u00e9poca, o g\u00e1s de cozinha de 13 kg, subiu para R$ 3,10, indo para R$ 34,70.<\/p>\n\n\n\n<p><strong>Fonte: Jade Araujo\/ Cidade Verde <\/strong><\/p>\n","protected":false},"excerpt":{"rendered":"<p>O g\u00e1s de cozinha sofreu um aumento de R$ 10 no pre\u00e7o a partir desta segunda-feira (02). De acordo com o sindicato, no Piau\u00ed, o g\u00e1s de cozinha para Teresina deve ficar em torno de R$ 120 a R$ 130. \u201cEsse aumento \u00e9 esperado em todo m\u00eas de setembro. Ele corresponde ao aumento salarial da [&hellip;]<\/p>\n","protected":false},"author":4,"featured_media":59850,"comment_status":"open","ping_status":"open","sticky":false,"template":"","format":"standard","meta":{"beyondwords_generate_audio":"","beyondwords_project_id":"","beyondwords_podcast_id":"","beyondwords_hash":"","beyondwords_error_message":"","beyondwords_disabled":"","publish_post_to_speechkit":"","speechkit_generate_audio":"","speechkit_project_id":"","speechkit_podcast_id":"","speechkit_hash":"","speechkit_error_message":"","speechkit_disabled":"","speechkit_access_key":"","speechkit_error":"","speechkit_info":"","speechkit_response":"","speechkit_retries":"","_speechkit_link":"","_speechkit_text":""},"categories":[51,81],"tags":[408,5359,816,5975,1814,44,46,1056,1379,5303,397,60,187,956],"jetpack_featured_media_url":"https:\/\/pinews.com.br\/wp-content\/uploads\/2024\/09\/338de791a3bc9f32526807de783cee77.jpg","_links":{"self":[{"href":"https:\/\/pinews.com.br\/index.php\/wp-json\/wp\/v2\/posts\/59849"}],"collection":[{"href":"https:\/\/pinews.com.br\/index.php\/wp-json\/wp\/v2\/posts"}],"about":[{"href":"https:\/\/pinews.com.br\/index.php\/wp-json\/wp\/v2\/types\/post"}],"author":[{"embeddable":true,"href":"https:\/\/pinews.com.br\/index.php\/wp-json\/wp\/v2\/users\/4"}],"replies":[{"embeddable":true,"href":"https:\/\/pinews.com.br\/index.php\/wp-json\/wp\/v2\/comments?post=59849"}],"version-history":[{"count":1,"href":"https:\/\/pinews.com.br\/index.php\/wp-json\/wp\/v2\/posts\/59849\/revisions"}],"predecessor-version":[{"id":59851,"href":"https:\/\/pinews.com.br\/index.php\/wp-json\/wp\/v2\/posts\/59849\/revisions\/59851"}],"wp:featuredmedia":[{"embeddable":true,"href":"https:\/\/pinews.com.br\/index.php\/wp-json\/wp\/v2\/media\/59850"}],"wp:attachment":[{"href":"https:\/\/pinews.com.br\/index.php\/wp-json\/wp\/v2\/media?parent=59849"}],"wp:term":[{"taxonomy":"category","embeddable":true,"href":"https:\/\/pinews.com.br\/index.php\/wp-json\/wp\/v2\/categories?post=59849"},{"taxonomy":"post_tag","embeddable":true,"href":"https:\/\/pinews.com.br\/index.php\/wp-json\/wp\/v2\/tags?post=59849"}],"curies":[{"name":"wp","href":"https:\/\/api.w.org\/{rel}","templated":true}]}}