{"id":59881,"date":"2024-09-04T12:15:28","date_gmt":"2024-09-04T15:15:28","guid":{"rendered":"https:\/\/pinews.com.br\/?p=59881"},"modified":"2024-09-04T12:15:30","modified_gmt":"2024-09-04T15:15:30","slug":"homem-e-assassinado-a-tiros-na-frente-do-pai-enquanto-dormia-no-sofa-de-casa-no-litoral-do-piaui","status":"publish","type":"post","link":"https:\/\/pinews.com.br\/index.php\/2024\/09\/04\/homem-e-assassinado-a-tiros-na-frente-do-pai-enquanto-dormia-no-sofa-de-casa-no-litoral-do-piaui\/","title":{"rendered":"Homem \u00e9 assassinado a tiros na frente do pai enquanto dormia no sof\u00e1 de casa, no litoral do Piau\u00ed"},"content":{"rendered":"\n<p>Um homem chamado\u00a0Ant\u00f4nio Francisco Ferreira da Silva, de 37 anos, foi assassinado a tiros enquanto dormia no sof\u00e1 de casa, na madrugada desta quarta-feira (4), no bairro Santa Isabel, em\u00a0Parna\u00edba, litoral do Piau\u00ed.<\/p>\n\n\n\n<p>Segundo o 2\u00ba Batalh\u00e3o de Pol\u00edcia Militar (BPM), tr\u00eas homens armados arrebentaram a porta dos fundos da resid\u00eancia de Ant\u00f4nio,&nbsp;renderam o pai da v\u00edtima e atiraram contra seu filho, que estava dormindo no sof\u00e1. Ele faleceu no local.<\/p>\n\n\n\n<p>Ap\u00f3s os disparos, os homens fugiram e ainda n\u00e3o foram encontrados. O pai de Ant\u00f4nio acionou a Pol\u00edcia Militar, que isolou o local at\u00e9 a chegada da per\u00edcia criminal. Os peritos encontraram dois estojos de muni\u00e7\u00e3o calibre 32 na cena do crime.<\/p>\n\n\n\n<p>O corpo do homem assassinado foi recolhido pelo Instituto M\u00e9dico-Legal (IML) de Parna\u00edba. A Pol\u00edcia Civil do Piau\u00ed (PCPI) ir\u00e1 investigar a motiva\u00e7\u00e3o do homic\u00eddio.<\/p>\n\n\n\n<p><strong>Fonte: G1 PI <\/strong><\/p>\n","protected":false},"excerpt":{"rendered":"<p>Um homem chamado\u00a0Ant\u00f4nio Francisco Ferreira da Silva, de 37 anos, foi assassinado a tiros enquanto dormia no sof\u00e1 de casa, na madrugada desta quarta-feira (4), no bairro Santa Isabel, em\u00a0Parna\u00edba, litoral do Piau\u00ed. Segundo o 2\u00ba Batalh\u00e3o de Pol\u00edcia Militar (BPM), tr\u00eas homens armados arrebentaram a porta dos fundos da resid\u00eancia de Ant\u00f4nio,&nbsp;renderam o pai [&hellip;]<\/p>\n","protected":false},"author":4,"featured_media":59882,"comment_status":"open","ping_status":"open","sticky":false,"template":"","format":"standard","meta":{"beyondwords_generate_audio":"","beyondwords_project_id":"","beyondwords_podcast_id":"","beyondwords_hash":"","beyondwords_error_message":"","beyondwords_disabled":"","publish_post_to_speechkit":"","speechkit_generate_audio":"","speechkit_project_id":"","speechkit_podcast_id":"","speechkit_hash":"","speechkit_error_message":"","speechkit_disabled":"","speechkit_access_key":"","speechkit_error":"","speechkit_info":"","speechkit_response":"","speechkit_retries":"","_speechkit_link":"","_speechkit_text":""},"categories":[51,78],"tags":[364,149,44,1084,72,510,480,84,202,91,290,52,1575,165],"jetpack_featured_media_url":"https:\/\/pinews.com.br\/wp-content\/uploads\/2024\/09\/homicidio-parnaiba.jpeg","_links":{"self":[{"href":"https:\/\/pinews.com.br\/index.php\/wp-json\/wp\/v2\/posts\/59881"}],"collection":[{"href":"https:\/\/pinews.com.br\/index.php\/wp-json\/wp\/v2\/posts"}],"about":[{"href":"https:\/\/pinews.com.br\/index.php\/wp-json\/wp\/v2\/types\/post"}],"author":[{"embeddable":true,"href":"https:\/\/pinews.com.br\/index.php\/wp-json\/wp\/v2\/users\/4"}],"replies":[{"embeddable":true,"href":"https:\/\/pinews.com.br\/index.php\/wp-json\/wp\/v2\/comments?post=59881"}],"version-history":[{"count":1,"href":"https:\/\/pinews.com.br\/index.php\/wp-json\/wp\/v2\/posts\/59881\/revisions"}],"predecessor-version":[{"id":59883,"href":"https:\/\/pinews.com.br\/index.php\/wp-json\/wp\/v2\/posts\/59881\/revisions\/59883"}],"wp:featuredmedia":[{"embeddable":true,"href":"https:\/\/pinews.com.br\/index.php\/wp-json\/wp\/v2\/media\/59882"}],"wp:attachment":[{"href":"https:\/\/pinews.com.br\/index.php\/wp-json\/wp\/v2\/media?parent=59881"}],"wp:term":[{"taxonomy":"category","embeddable":true,"href":"https:\/\/pinews.com.br\/index.php\/wp-json\/wp\/v2\/categories?post=59881"},{"taxonomy":"post_tag","embeddable":true,"href":"https:\/\/pinews.com.br\/index.php\/wp-json\/wp\/v2\/tags?post=59881"}],"curies":[{"name":"wp","href":"https:\/\/api.w.org\/{rel}","templated":true}]}}