{"id":59969,"date":"2024-09-10T18:52:48","date_gmt":"2024-09-10T21:52:48","guid":{"rendered":"https:\/\/pinews.com.br\/?p=59969"},"modified":"2024-09-10T18:52:50","modified_gmt":"2024-09-10T21:52:50","slug":"homem-e-preso-com-20-kg-de-pasta-base-de-cocaina-escondida-em-fundos-falsos-de-carro-na-br-343-no-piaui","status":"publish","type":"post","link":"https:\/\/pinews.com.br\/index.php\/2024\/09\/10\/homem-e-preso-com-20-kg-de-pasta-base-de-cocaina-escondida-em-fundos-falsos-de-carro-na-br-343-no-piaui\/","title":{"rendered":"Homem \u00e9 preso com 20 kg de pasta base de coca\u00edna escondida em fundos falsos de carro, na BR-343 no Piau\u00ed"},"content":{"rendered":"\n<p>Um homem de 37 anos foi preso em flagrante, na tarde de segunda-feira (9), com aproximadamente 20 kg de pasta base de coca\u00edna que estava sendo transportada no carro que ele conduzia.<\/p>\n\n\n\n<p>A pris\u00e3o e a apreens\u00e3o aconteceram na BR-343 em Altos, cerca de 40 km de Teresina, pela Pol\u00edcia Rodovi\u00e1ria Federal (PRF). Segundo o \u00f3rg\u00e3o, a droga estava escondida em fundos falsos no ve\u00edculo.<\/p>\n\n\n\n<p>Ainda conforme a PRF, os policiais desconfiaram da conversa desconexa do condutor do ve\u00edculo, que \u00e9 natural do estado da Bahia e afirmou morar no Par\u00e1.<\/p>\n\n\n\n<p>Diante da situa\u00e7\u00e3o, os policiais, com ajuda de c\u00e3es farejadores, encontraram a droga que estava envolvida em pl\u00e1sticos em forma de tabletes.<\/p>\n\n\n\n<p>O condutor, o ve\u00edculo e a droga foram encaminhados \u00e0 Central de Flagrantes na cidade de Teresina para os procedimentos cab\u00edveis. O homem deve responder por tr\u00e1fico de entorpecentes.<\/p>\n\n\n\n<p><strong>Fonte: G1 PI <\/strong><\/p>\n","protected":false},"excerpt":{"rendered":"<p>Um homem de 37 anos foi preso em flagrante, na tarde de segunda-feira (9), com aproximadamente 20 kg de pasta base de coca\u00edna que estava sendo transportada no carro que ele conduzia. A pris\u00e3o e a apreens\u00e3o aconteceram na BR-343 em Altos, cerca de 40 km de Teresina, pela Pol\u00edcia Rodovi\u00e1ria Federal (PRF). Segundo o [&hellip;]<\/p>\n","protected":false},"author":4,"featured_media":59970,"comment_status":"open","ping_status":"open","sticky":false,"template":"","format":"standard","meta":{"beyondwords_generate_audio":"","beyondwords_project_id":"","beyondwords_podcast_id":"","beyondwords_hash":"","beyondwords_error_message":"","beyondwords_disabled":"","publish_post_to_speechkit":"","speechkit_generate_audio":"","speechkit_project_id":"","speechkit_podcast_id":"","speechkit_hash":"","speechkit_error_message":"","speechkit_disabled":"","speechkit_access_key":"","speechkit_error":"","speechkit_info":"","speechkit_response":"","speechkit_retries":"","_speechkit_link":"","_speechkit_text":""},"categories":[51,78],"tags":[208,8388,377,62,663,44,72,46,5373,6702,8612,84,214,91,8389,52,79],"jetpack_featured_media_url":"https:\/\/pinews.com.br\/wp-content\/uploads\/2024\/09\/whatsapp-image-2024-09-09-at-20.35.37.jpeg","_links":{"self":[{"href":"https:\/\/pinews.com.br\/index.php\/wp-json\/wp\/v2\/posts\/59969"}],"collection":[{"href":"https:\/\/pinews.com.br\/index.php\/wp-json\/wp\/v2\/posts"}],"about":[{"href":"https:\/\/pinews.com.br\/index.php\/wp-json\/wp\/v2\/types\/post"}],"author":[{"embeddable":true,"href":"https:\/\/pinews.com.br\/index.php\/wp-json\/wp\/v2\/users\/4"}],"replies":[{"embeddable":true,"href":"https:\/\/pinews.com.br\/index.php\/wp-json\/wp\/v2\/comments?post=59969"}],"version-history":[{"count":1,"href":"https:\/\/pinews.com.br\/index.php\/wp-json\/wp\/v2\/posts\/59969\/revisions"}],"predecessor-version":[{"id":59971,"href":"https:\/\/pinews.com.br\/index.php\/wp-json\/wp\/v2\/posts\/59969\/revisions\/59971"}],"wp:featuredmedia":[{"embeddable":true,"href":"https:\/\/pinews.com.br\/index.php\/wp-json\/wp\/v2\/media\/59970"}],"wp:attachment":[{"href":"https:\/\/pinews.com.br\/index.php\/wp-json\/wp\/v2\/media?parent=59969"}],"wp:term":[{"taxonomy":"category","embeddable":true,"href":"https:\/\/pinews.com.br\/index.php\/wp-json\/wp\/v2\/categories?post=59969"},{"taxonomy":"post_tag","embeddable":true,"href":"https:\/\/pinews.com.br\/index.php\/wp-json\/wp\/v2\/tags?post=59969"}],"curies":[{"name":"wp","href":"https:\/\/api.w.org\/{rel}","templated":true}]}}