{"id":60029,"date":"2024-09-13T13:17:59","date_gmt":"2024-09-13T16:17:59","guid":{"rendered":"https:\/\/pinews.com.br\/?p=60029"},"modified":"2024-09-13T13:18:52","modified_gmt":"2024-09-13T16:18:52","slug":"acidente-fatal-entre-caminhonete-e-motocicleta-tira-a-vida-de-jovem-em-picos","status":"publish","type":"post","link":"https:\/\/pinews.com.br\/index.php\/2024\/09\/13\/acidente-fatal-entre-caminhonete-e-motocicleta-tira-a-vida-de-jovem-em-picos\/","title":{"rendered":"Acidente fatal entre caminhonete e motocicleta tira a vida de jovem em Picos; Veja v\u00eddeo do momento do acidente"},"content":{"rendered":"\n<p>Na noite desta quinta-feira,&nbsp;12 de setembro, um grave acidente na&nbsp;PI-238, rodovia que liga&nbsp;Picos&nbsp;a&nbsp;Bocaina, pr\u00f3ximo ao Posto S\u00e3o Bento no bairro Ipueiras, resultou na morte de&nbsp;Alan Icaro Ferreira Sousa, de 23 anos, filho do empres\u00e1rio&nbsp;Alan Autope\u00e7as. O acidente, envolvendo uma&nbsp;caminhonete&nbsp;modelo Hilux&nbsp;e uma&nbsp;motocicleta de alta cilindrada&nbsp;modelo CBR600, aconteceu por volta das&nbsp;23 horas.<\/p>\n\n\n\n<p>De acordo com as informa\u00e7\u00f5es iniciais, a caminhonete, que vinha sentido Bocaina-Picos foi atingida na&nbsp;lateral direita, enquanto a motocicleta sofreu grandes danos devido ao impacto. Ap\u00f3s a colis\u00e3o, o jovem foi arremessado alguns metros do local do acidente.<\/p>\n\n\n\n<p>O Samu foi acionado, mas Alan j\u00e1 havia falecido no local do acidente. A trag\u00e9dia deixou familiares e a cidade de Picos em estado de consterna\u00e7\u00e3o.<\/p>\n\n\n\n<p>Alan Icaro era muito querido na comunidade local, e a not\u00edcia rapidamente mobilizou amigos e familiares Ele era propriet\u00e1rio de uma academia localizada na Avenida Severo Eul\u00e1lio.<\/p>\n\n\n\n<p>As autoridades investigam as circunst\u00e2ncias da colis\u00e3o para apurar mais detalhes sobre o acidente na&nbsp;PI-238. O vel\u00f3rio do jovem est\u00e1 sendo realizado no sal\u00e3o do PAF, na rua do Cruzeiro, em Picos.<\/p>\n\n\n\n<figure class=\"wp-block-embed is-type-video is-provider-youtube wp-block-embed-youtube wp-embed-aspect-16-9 wp-has-aspect-ratio\"><div class=\"wp-block-embed__wrapper\">\n<iframe loading=\"lazy\" title=\"Momento do acidente que vitimou o jovem Alan Icaro em Picos\" width=\"1170\" height=\"658\" src=\"https:\/\/www.youtube.com\/embed\/Cbwvr2hZ6X0?feature=oembed\" frameborder=\"0\" allow=\"accelerometer; autoplay; clipboard-write; encrypted-media; gyroscope; picture-in-picture; web-share\" referrerpolicy=\"strict-origin-when-cross-origin\" allowfullscreen><\/iframe>\n<\/div><\/figure>\n\n\n\n<p><strong>Fonte: Riach\u00e3onet<\/strong><\/p>\n","protected":false},"excerpt":{"rendered":"<p>Na noite desta quinta-feira,&nbsp;12 de setembro, um grave acidente na&nbsp;PI-238, rodovia que liga&nbsp;Picos&nbsp;a&nbsp;Bocaina, pr\u00f3ximo ao Posto S\u00e3o Bento no bairro Ipueiras, resultou na morte de&nbsp;Alan Icaro Ferreira Sousa, de 23 anos, filho do empres\u00e1rio&nbsp;Alan Autope\u00e7as. O acidente, envolvendo uma&nbsp;caminhonete&nbsp;modelo Hilux&nbsp;e uma&nbsp;motocicleta de alta cilindrada&nbsp;modelo CBR600, aconteceu por volta das&nbsp;23 horas. De acordo com as informa\u00e7\u00f5es [&hellip;]<\/p>\n","protected":false},"author":4,"featured_media":60030,"comment_status":"open","ping_status":"open","sticky":false,"template":"","format":"standard","meta":{"beyondwords_generate_audio":"","beyondwords_project_id":"","beyondwords_podcast_id":"","beyondwords_hash":"","beyondwords_error_message":"","beyondwords_disabled":"","publish_post_to_speechkit":"","speechkit_generate_audio":"","speechkit_project_id":"","speechkit_podcast_id":"","speechkit_hash":"","speechkit_error_message":"","speechkit_disabled":"","speechkit_access_key":"","speechkit_error":"","speechkit_info":"","speechkit_response":"","speechkit_retries":"","_speechkit_link":"","_speechkit_text":""},"categories":[124,51,126],"tags":[176,587,44,46,178,6292,266,179,125,95,96],"jetpack_featured_media_url":"https:\/\/pinews.com.br\/wp-content\/uploads\/2024\/09\/acidente-picos-sa-1024x683.jpg.webp","_links":{"self":[{"href":"https:\/\/pinews.com.br\/index.php\/wp-json\/wp\/v2\/posts\/60029"}],"collection":[{"href":"https:\/\/pinews.com.br\/index.php\/wp-json\/wp\/v2\/posts"}],"about":[{"href":"https:\/\/pinews.com.br\/index.php\/wp-json\/wp\/v2\/types\/post"}],"author":[{"embeddable":true,"href":"https:\/\/pinews.com.br\/index.php\/wp-json\/wp\/v2\/users\/4"}],"replies":[{"embeddable":true,"href":"https:\/\/pinews.com.br\/index.php\/wp-json\/wp\/v2\/comments?post=60029"}],"version-history":[{"count":2,"href":"https:\/\/pinews.com.br\/index.php\/wp-json\/wp\/v2\/posts\/60029\/revisions"}],"predecessor-version":[{"id":60033,"href":"https:\/\/pinews.com.br\/index.php\/wp-json\/wp\/v2\/posts\/60029\/revisions\/60033"}],"wp:featuredmedia":[{"embeddable":true,"href":"https:\/\/pinews.com.br\/index.php\/wp-json\/wp\/v2\/media\/60030"}],"wp:attachment":[{"href":"https:\/\/pinews.com.br\/index.php\/wp-json\/wp\/v2\/media?parent=60029"}],"wp:term":[{"taxonomy":"category","embeddable":true,"href":"https:\/\/pinews.com.br\/index.php\/wp-json\/wp\/v2\/categories?post=60029"},{"taxonomy":"post_tag","embeddable":true,"href":"https:\/\/pinews.com.br\/index.php\/wp-json\/wp\/v2\/tags?post=60029"}],"curies":[{"name":"wp","href":"https:\/\/api.w.org\/{rel}","templated":true}]}}