{"id":60091,"date":"2024-09-16T21:33:12","date_gmt":"2024-09-17T00:33:12","guid":{"rendered":"https:\/\/pinews.com.br\/?p=60091"},"modified":"2024-09-16T21:33:14","modified_gmt":"2024-09-17T00:33:14","slug":"idoso-e-atropelado-por-caminhao-e-tem-as-pernas-quebradas-no-piaui","status":"publish","type":"post","link":"https:\/\/pinews.com.br\/index.php\/2024\/09\/16\/idoso-e-atropelado-por-caminhao-e-tem-as-pernas-quebradas-no-piaui\/","title":{"rendered":"Idoso \u00e9 atropelado por caminh\u00e3o e tem as pernas quebradas no Piau\u00ed"},"content":{"rendered":"\n<p>Um homem chamado Francisco das Chagas Pereira Vieira, de 60 anos, foi atropelado por um caminh\u00e3o quando atravessava a avenida Dr. Jo\u00e3o Silva Filho, em Parna\u00edba, nesta ter\u00e7a-feira (16).<\/p>\n\n\n\n<p>Francisco sofreu fraturas nas duas pernas. Ele foi socorrido por uma equipe do Servi\u00e7o de Atendimento M\u00f3vel de Urg\u00eancia (Samu) e foi levado para o Hospital Estadual Dirceu Arcoverde (HEDA). O estado dele \u00e9 grave.<\/p>\n\n\n\n<p>Al\u00e9m do atropelamento, o caminh\u00e3o atingiu duas motos e um carro que estavam estacionados. O carro era de propriedade do idoso que foi atropelado.<\/p>\n\n\n\n<p>Ap\u00f3s o acidente, o motorista do caminh\u00e3o disse \u00e0 Pol\u00edcia Militar que os freios do ve\u00edculo falharam, e ele perdeu o controle do ve\u00edculo. O caminh\u00e3o parou ap\u00f3s atingir a caminhonete de Francisco.<\/p>\n\n\n\n<p>O caminh\u00e3o foi apreendido porque os policiais verificaram que ele estava com a placa traseira quebrada. O caso deve ser investigado pela Pol\u00edcia Civil.<\/p>\n\n\n\n<p><strong>Fonte: G1 PI <\/strong><\/p>\n","protected":false},"excerpt":{"rendered":"<p>Um homem chamado Francisco das Chagas Pereira Vieira, de 60 anos, foi atropelado por um caminh\u00e3o quando atravessava a avenida Dr. Jo\u00e3o Silva Filho, em Parna\u00edba, nesta ter\u00e7a-feira (16). Francisco sofreu fraturas nas duas pernas. Ele foi socorrido por uma equipe do Servi\u00e7o de Atendimento M\u00f3vel de Urg\u00eancia (Samu) e foi levado para o Hospital [&hellip;]<\/p>\n","protected":false},"author":4,"featured_media":60092,"comment_status":"open","ping_status":"open","sticky":false,"template":"","format":"standard","meta":{"beyondwords_generate_audio":"","beyondwords_project_id":"","beyondwords_podcast_id":"","beyondwords_hash":"","beyondwords_error_message":"","beyondwords_disabled":"","publish_post_to_speechkit":"","speechkit_generate_audio":"","speechkit_project_id":"","speechkit_podcast_id":"","speechkit_hash":"","speechkit_error_message":"","speechkit_disabled":"","speechkit_access_key":"","speechkit_error":"","speechkit_info":"","speechkit_response":"","speechkit_retries":"","_speechkit_link":"","_speechkit_text":""},"categories":[51],"tags":[61,188,72,64,1130,52,59,12373,60],"jetpack_featured_media_url":"https:\/\/pinews.com.br\/wp-content\/uploads\/2024\/09\/whatsapp-image-2024-09-16-at-17.47.30.jpeg","_links":{"self":[{"href":"https:\/\/pinews.com.br\/index.php\/wp-json\/wp\/v2\/posts\/60091"}],"collection":[{"href":"https:\/\/pinews.com.br\/index.php\/wp-json\/wp\/v2\/posts"}],"about":[{"href":"https:\/\/pinews.com.br\/index.php\/wp-json\/wp\/v2\/types\/post"}],"author":[{"embeddable":true,"href":"https:\/\/pinews.com.br\/index.php\/wp-json\/wp\/v2\/users\/4"}],"replies":[{"embeddable":true,"href":"https:\/\/pinews.com.br\/index.php\/wp-json\/wp\/v2\/comments?post=60091"}],"version-history":[{"count":1,"href":"https:\/\/pinews.com.br\/index.php\/wp-json\/wp\/v2\/posts\/60091\/revisions"}],"predecessor-version":[{"id":60093,"href":"https:\/\/pinews.com.br\/index.php\/wp-json\/wp\/v2\/posts\/60091\/revisions\/60093"}],"wp:featuredmedia":[{"embeddable":true,"href":"https:\/\/pinews.com.br\/index.php\/wp-json\/wp\/v2\/media\/60092"}],"wp:attachment":[{"href":"https:\/\/pinews.com.br\/index.php\/wp-json\/wp\/v2\/media?parent=60091"}],"wp:term":[{"taxonomy":"category","embeddable":true,"href":"https:\/\/pinews.com.br\/index.php\/wp-json\/wp\/v2\/categories?post=60091"},{"taxonomy":"post_tag","embeddable":true,"href":"https:\/\/pinews.com.br\/index.php\/wp-json\/wp\/v2\/tags?post=60091"}],"curies":[{"name":"wp","href":"https:\/\/api.w.org\/{rel}","templated":true}]}}