{"id":60105,"date":"2024-09-18T12:52:22","date_gmt":"2024-09-18T15:52:22","guid":{"rendered":"https:\/\/pinews.com.br\/?p=60105"},"modified":"2024-09-18T12:52:24","modified_gmt":"2024-09-18T15:52:24","slug":"corpo-decapitado-e-encontrado-dentro-de-cova-rasa-no-piaui","status":"publish","type":"post","link":"https:\/\/pinews.com.br\/index.php\/2024\/09\/18\/corpo-decapitado-e-encontrado-dentro-de-cova-rasa-no-piaui\/","title":{"rendered":"Corpo decapitado \u00e9 encontrado dentro de cova rasa no Piau\u00ed"},"content":{"rendered":"\n<p>O corpo de um homem foi encontrado em uma \u00e1rea de mata na Vila Boa Esperan\u00e7a, regi\u00e3o da Grande Santa Maria da Codipi, Zona Norte de Teresina, na noite desta ter\u00e7a-feira (17\/09). A Pol\u00edcia acredita que o cad\u00e1ver seja de Guilherme Kauan, morador da Vila Mocambinho, que estava desaparecido desde 8 de setembro deste ano.<\/p>\n\n\n\n<p>O corpo foi localizado em uma cova rasa e apresentava sinais de decapita\u00e7\u00e3o. Partes do cad\u00e1ver, incluindo uma perna e uma t\u00edbia, estavam espalhadas pela \u00e1rea. Al\u00e9m disso, um cal\u00e7\u00e3o parcialmente queimado foi encontrado, indicando que os criminosos tentaram destruir o corpo com fogo. Informa\u00e7\u00f5es preliminares sugerem que Guilherme teria sido sequestrado e que um v\u00eddeo de sua execu\u00e7\u00e3o foi divulgado em suas redes sociais.<\/p>\n\n\n\n<p>A Pol\u00edcia informou que a identifica\u00e7\u00e3o oficial ser\u00e1 confirmada por meio de exames de DNA, que j\u00e1 foram solicitados. O caso est\u00e1 sendo investigado pelo Departamento de Homic\u00eddios e Prote\u00e7\u00e3o \u00e0 Pessoa (DHPP), com per\u00edcia realizada pelo Instituto de Medicina Legal (IML) e o 13\u00ba Batalh\u00e3o da Pol\u00edcia Militar do Piau\u00ed.<\/p>\n\n\n\n<p><strong>Fonte: 180 graus <\/strong><\/p>\n","protected":false},"excerpt":{"rendered":"<p>O corpo de um homem foi encontrado em uma \u00e1rea de mata na Vila Boa Esperan\u00e7a, regi\u00e3o da Grande Santa Maria da Codipi, Zona Norte de Teresina, na noite desta ter\u00e7a-feira (17\/09). A Pol\u00edcia acredita que o cad\u00e1ver seja de Guilherme Kauan, morador da Vila Mocambinho, que estava desaparecido desde 8 de setembro deste ano. [&hellip;]<\/p>\n","protected":false},"author":4,"featured_media":60106,"comment_status":"open","ping_status":"open","sticky":false,"template":"","format":"standard","meta":{"beyondwords_generate_audio":"","beyondwords_project_id":"","beyondwords_podcast_id":"","beyondwords_hash":"","beyondwords_error_message":"","beyondwords_disabled":"","publish_post_to_speechkit":"","speechkit_generate_audio":"","speechkit_project_id":"","speechkit_podcast_id":"","speechkit_hash":"","speechkit_error_message":"","speechkit_disabled":"","speechkit_access_key":"","speechkit_error":"","speechkit_info":"","speechkit_response":"","speechkit_retries":"","_speechkit_link":"","_speechkit_text":""},"categories":[51,78,81],"tags":[55,1125,44,6449,192,72,200,52,1126],"jetpack_featured_media_url":"https:\/\/pinews.com.br\/wp-content\/uploads\/2024\/09\/46_3721129480083344600.jpeg","_links":{"self":[{"href":"https:\/\/pinews.com.br\/index.php\/wp-json\/wp\/v2\/posts\/60105"}],"collection":[{"href":"https:\/\/pinews.com.br\/index.php\/wp-json\/wp\/v2\/posts"}],"about":[{"href":"https:\/\/pinews.com.br\/index.php\/wp-json\/wp\/v2\/types\/post"}],"author":[{"embeddable":true,"href":"https:\/\/pinews.com.br\/index.php\/wp-json\/wp\/v2\/users\/4"}],"replies":[{"embeddable":true,"href":"https:\/\/pinews.com.br\/index.php\/wp-json\/wp\/v2\/comments?post=60105"}],"version-history":[{"count":1,"href":"https:\/\/pinews.com.br\/index.php\/wp-json\/wp\/v2\/posts\/60105\/revisions"}],"predecessor-version":[{"id":60107,"href":"https:\/\/pinews.com.br\/index.php\/wp-json\/wp\/v2\/posts\/60105\/revisions\/60107"}],"wp:featuredmedia":[{"embeddable":true,"href":"https:\/\/pinews.com.br\/index.php\/wp-json\/wp\/v2\/media\/60106"}],"wp:attachment":[{"href":"https:\/\/pinews.com.br\/index.php\/wp-json\/wp\/v2\/media?parent=60105"}],"wp:term":[{"taxonomy":"category","embeddable":true,"href":"https:\/\/pinews.com.br\/index.php\/wp-json\/wp\/v2\/categories?post=60105"},{"taxonomy":"post_tag","embeddable":true,"href":"https:\/\/pinews.com.br\/index.php\/wp-json\/wp\/v2\/tags?post=60105"}],"curies":[{"name":"wp","href":"https:\/\/api.w.org\/{rel}","templated":true}]}}