{"id":60166,"date":"2024-09-23T13:37:44","date_gmt":"2024-09-23T16:37:44","guid":{"rendered":"https:\/\/pinews.com.br\/?p=60166"},"modified":"2024-09-23T13:37:47","modified_gmt":"2024-09-23T16:37:47","slug":"motocicleta-colide-em-carro-incendeia-e-condutor-morre-na-divisa-do-piaui-com-o-maranhao","status":"publish","type":"post","link":"https:\/\/pinews.com.br\/index.php\/2024\/09\/23\/motocicleta-colide-em-carro-incendeia-e-condutor-morre-na-divisa-do-piaui-com-o-maranhao\/","title":{"rendered":"Motocicleta colide em carro, incendeia e condutor morre na divisa do Piau\u00ed com o Maranh\u00e3o"},"content":{"rendered":"\n<p>Nas primeiras horas desta segunda-feira (23) um grave acidente com v\u00edtima fatal foi registrado no munic\u00edpio de Bar\u00e3o de Graja\u00fa, divisa entre os Estados do Piau\u00ed e Maranh\u00e3o, distante 200 km de Picos-PI. Um motociclista, de 30 anos, veio a \u00f3bito ap\u00f3s ser colhido por um carro de passeio.<\/p>\n\n\n\n<p>Segundo informa\u00e7\u00f5es da Pol\u00edcia Rodovi\u00e1ria Federal (PRF), o motociclista teria invadido a faixa sentido contr\u00e1rio. Um carro de passeio que seguia na rodovia veio a colidir frontalmente contra a moto que tombou e incendiou.<\/p>\n\n\n\n<p>O homem foi arremessado da moto sobre o carro, vindo a ter morte imediata no local.<\/p>\n\n\n\n<p>Foi realizado teste de alcoolemia no condutor do autom\u00f3vel, de 46 anos, que teve resultado negativo para consumo de bebida alco\u00f3lica.<\/p>\n\n\n\n<p>Diante do ocorrido, o Servi\u00e7o de Atendimento M\u00f3vel de Urg\u00eancia (Samu) foi acionado para prestar socorro aos envolvidos. A Pol\u00edcia Militar esteve no local e isolou a \u00e1rea at\u00e9 a chegada da Per\u00edcia Criminal que realizou os procedimentos cab\u00edveis.<\/p>\n\n\n\n<p><strong>Fonte: Paula Monize\/ Cidade Verde <\/strong><\/p>\n","protected":false},"excerpt":{"rendered":"<p>Nas primeiras horas desta segunda-feira (23) um grave acidente com v\u00edtima fatal foi registrado no munic\u00edpio de Bar\u00e3o de Graja\u00fa, divisa entre os Estados do Piau\u00ed e Maranh\u00e3o, distante 200 km de Picos-PI. Um motociclista, de 30 anos, veio a \u00f3bito ap\u00f3s ser colhido por um carro de passeio. Segundo informa\u00e7\u00f5es da Pol\u00edcia Rodovi\u00e1ria Federal [&hellip;]<\/p>\n","protected":false},"author":4,"featured_media":60167,"comment_status":"open","ping_status":"open","sticky":false,"template":"","format":"standard","meta":{"beyondwords_generate_audio":"","beyondwords_project_id":"","beyondwords_podcast_id":"","beyondwords_hash":"","beyondwords_error_message":"","beyondwords_disabled":"","publish_post_to_speechkit":"","speechkit_generate_audio":"","speechkit_project_id":"","speechkit_podcast_id":"","speechkit_hash":"","speechkit_error_message":"","speechkit_disabled":"","speechkit_access_key":"","speechkit_error":"","speechkit_info":"","speechkit_response":"","speechkit_retries":"","_speechkit_link":"","_speechkit_text":""},"categories":[134,51],"tags":[62,701,1872,1259,46,8824,1139,119,179,91,52],"jetpack_featured_media_url":"https:\/\/pinews.com.br\/wp-content\/uploads\/2024\/09\/d7e14a41f6ecea371508ed77f8a8a4ec.jpg","_links":{"self":[{"href":"https:\/\/pinews.com.br\/index.php\/wp-json\/wp\/v2\/posts\/60166"}],"collection":[{"href":"https:\/\/pinews.com.br\/index.php\/wp-json\/wp\/v2\/posts"}],"about":[{"href":"https:\/\/pinews.com.br\/index.php\/wp-json\/wp\/v2\/types\/post"}],"author":[{"embeddable":true,"href":"https:\/\/pinews.com.br\/index.php\/wp-json\/wp\/v2\/users\/4"}],"replies":[{"embeddable":true,"href":"https:\/\/pinews.com.br\/index.php\/wp-json\/wp\/v2\/comments?post=60166"}],"version-history":[{"count":1,"href":"https:\/\/pinews.com.br\/index.php\/wp-json\/wp\/v2\/posts\/60166\/revisions"}],"predecessor-version":[{"id":60168,"href":"https:\/\/pinews.com.br\/index.php\/wp-json\/wp\/v2\/posts\/60166\/revisions\/60168"}],"wp:featuredmedia":[{"embeddable":true,"href":"https:\/\/pinews.com.br\/index.php\/wp-json\/wp\/v2\/media\/60167"}],"wp:attachment":[{"href":"https:\/\/pinews.com.br\/index.php\/wp-json\/wp\/v2\/media?parent=60166"}],"wp:term":[{"taxonomy":"category","embeddable":true,"href":"https:\/\/pinews.com.br\/index.php\/wp-json\/wp\/v2\/categories?post=60166"},{"taxonomy":"post_tag","embeddable":true,"href":"https:\/\/pinews.com.br\/index.php\/wp-json\/wp\/v2\/tags?post=60166"}],"curies":[{"name":"wp","href":"https:\/\/api.w.org\/{rel}","templated":true}]}}