{"id":60253,"date":"2024-09-27T20:40:48","date_gmt":"2024-09-27T23:40:48","guid":{"rendered":"https:\/\/pinews.com.br\/?p=60253"},"modified":"2024-09-27T20:40:50","modified_gmt":"2024-09-27T23:40:50","slug":"outubro-tera-bandeira-tarifaria-mais-cara-do-sistema-nas-contas-de-luz","status":"publish","type":"post","link":"https:\/\/pinews.com.br\/index.php\/2024\/09\/27\/outubro-tera-bandeira-tarifaria-mais-cara-do-sistema-nas-contas-de-luz\/","title":{"rendered":"Outubro ter\u00e1 bandeira tarif\u00e1ria mais cara do sistema nas contas de luz"},"content":{"rendered":"\n<p>A bandeira tarif\u00e1ria para o m\u00eas de outubro ser\u00e1 vermelha patamar 2, com cobran\u00e7a extra de R$ 7,877 na conta de luz para cada 100 quilowatts-hora (kWh) de energia el\u00e9trica consumidos. Esta \u00e9 a primeira vez, desde agosto de 2021, que a bandeira mais cara do sistema criado pela Ag\u00eancia Nacional de Energia El\u00e9trica (Aneel) \u00e9 acionada.<img decoding=\"async\" src=\"https:\/\/agenciabrasil.ebc.com.br\/ebc.png?id=1613832&amp;o=node\"><img decoding=\"async\" src=\"https:\/\/agenciabrasil.ebc.com.br\/ebc.gif?id=1613832&amp;o=node\"><\/p>\n\n\n\n<p>Segundo a Aneel, um dos fatores que determinaram o acionamento da bandeira\u202fvermelha patamar 2 foi o risco hidrol\u00f3gico, ou seja, a baixa previs\u00e3o de chuva para os reservat\u00f3rios das hidrel\u00e9tricas. Tamb\u00e9m teve influ\u00eancia a eleva\u00e7\u00e3o do pre\u00e7o do mercado de energia el\u00e9trica em outubro.<\/p>\n\n\n\n<p>Uma sequ\u00eancia de bandeiras verdes foi iniciada em abril de 2022 e interrompida apenas em julho de 2024 com bandeira amarela, seguida da bandeira verde em agosto, e da vermelha, patamar 1, em setembro. No m\u00eas passado, a Aneel chegou a anunciar a&nbsp;<a href=\"http:\/\/agenciabrasil.ebc.com.br\/economia\/noticia\/2024-09\/aneel-reduz-patamar-de-bandeira-vermelha-e-reajuste-pode-ser-menor\" target=\"_blank\" rel=\"noreferrer noopener\">bandeira vermelha patamar 2 para setembro,<\/a>&nbsp;mas corrigiu a informa\u00e7\u00e3o dias depois.&nbsp;<\/p>\n\n\n\n<p>Criado em 2015 pela Aneel, o sistema de bandeiras tarif\u00e1rias reflete os custos vari\u00e1veis da gera\u00e7\u00e3o de energia el\u00e9trica. Divididas em n\u00edveis, as bandeiras indicam quanto est\u00e1 custando para o Sistema Interligado Nacional gerar a energia usada nas casas, em estabelecimentos comerciais e nas ind\u00fastrias, considerando fatores como a disponibilidade de recursos h\u00eddricos, o avan\u00e7o das fontes renov\u00e1veis, bem como o acionamento de fontes de gera\u00e7\u00e3o mais caras como as termel\u00e9tricas.<\/p>\n\n\n\n<p>As cores verde, amarela ou vermelha (nos patamares 1 e 2) indicam se a energia custar\u00e1 mais ou menos em fun\u00e7\u00e3o das condi\u00e7\u00f5es de gera\u00e7\u00e3o, sendo a bandeira vermelha a que tem custo maior, e a verde, sem custo extra.<\/p>\n\n\n\n<p>Segundo a Aneel, as bandeiras permitem ao consumidor um papel mais ativo na defini\u00e7\u00e3o de sua conta de energia. \u201cAo saber, por exemplo, que a bandeira est\u00e1 vermelha, o consumidor pode adaptar seu consumo para ajudar a reduzir o valor da conta&#8221;, avalia a ag\u00eancia.<\/p>\n\n\n\n<p><strong>Fonte: Ag\u00eancia Brasil <\/strong><\/p>\n","protected":false},"excerpt":{"rendered":"<p>A bandeira tarif\u00e1ria para o m\u00eas de outubro ser\u00e1 vermelha patamar 2, com cobran\u00e7a extra de R$ 7,877 na conta de luz para cada 100 quilowatts-hora (kWh) de energia el\u00e9trica consumidos. Esta \u00e9 a primeira vez, desde agosto de 2021, que a bandeira mais cara do sistema criado pela Ag\u00eancia Nacional de Energia El\u00e9trica (Aneel) [&hellip;]<\/p>\n","protected":false},"author":1,"featured_media":60254,"comment_status":"open","ping_status":"open","sticky":false,"template":"","format":"standard","meta":{"beyondwords_generate_audio":"","beyondwords_project_id":"","beyondwords_podcast_id":"","beyondwords_hash":"","beyondwords_error_message":"","beyondwords_disabled":"","publish_post_to_speechkit":"","speechkit_generate_audio":"","speechkit_project_id":"","speechkit_podcast_id":"","speechkit_hash":"","speechkit_error_message":"","speechkit_disabled":"","speechkit_access_key":"","speechkit_error":"","speechkit_info":"","speechkit_response":"","speechkit_retries":"","_speechkit_link":"","_speechkit_text":""},"categories":[516,134],"tags":[7401,6807,641,44,5792,76,826,5586,1324,8436,5437],"jetpack_featured_media_url":"https:\/\/pinews.com.br\/wp-content\/uploads\/2024\/09\/1016074-28042016img_1454-.webp","_links":{"self":[{"href":"https:\/\/pinews.com.br\/index.php\/wp-json\/wp\/v2\/posts\/60253"}],"collection":[{"href":"https:\/\/pinews.com.br\/index.php\/wp-json\/wp\/v2\/posts"}],"about":[{"href":"https:\/\/pinews.com.br\/index.php\/wp-json\/wp\/v2\/types\/post"}],"author":[{"embeddable":true,"href":"https:\/\/pinews.com.br\/index.php\/wp-json\/wp\/v2\/users\/1"}],"replies":[{"embeddable":true,"href":"https:\/\/pinews.com.br\/index.php\/wp-json\/wp\/v2\/comments?post=60253"}],"version-history":[{"count":1,"href":"https:\/\/pinews.com.br\/index.php\/wp-json\/wp\/v2\/posts\/60253\/revisions"}],"predecessor-version":[{"id":60255,"href":"https:\/\/pinews.com.br\/index.php\/wp-json\/wp\/v2\/posts\/60253\/revisions\/60255"}],"wp:featuredmedia":[{"embeddable":true,"href":"https:\/\/pinews.com.br\/index.php\/wp-json\/wp\/v2\/media\/60254"}],"wp:attachment":[{"href":"https:\/\/pinews.com.br\/index.php\/wp-json\/wp\/v2\/media?parent=60253"}],"wp:term":[{"taxonomy":"category","embeddable":true,"href":"https:\/\/pinews.com.br\/index.php\/wp-json\/wp\/v2\/categories?post=60253"},{"taxonomy":"post_tag","embeddable":true,"href":"https:\/\/pinews.com.br\/index.php\/wp-json\/wp\/v2\/tags?post=60253"}],"curies":[{"name":"wp","href":"https:\/\/api.w.org\/{rel}","templated":true}]}}