{"id":60303,"date":"2024-09-30T18:42:43","date_gmt":"2024-09-30T21:42:43","guid":{"rendered":"https:\/\/pinews.com.br\/?p=60303"},"modified":"2024-09-30T18:42:45","modified_gmt":"2024-09-30T21:42:45","slug":"estudante-de-informatica-morre-em-batida-entre-moto-e-cacamba-no-piaui","status":"publish","type":"post","link":"https:\/\/pinews.com.br\/index.php\/2024\/09\/30\/estudante-de-informatica-morre-em-batida-entre-moto-e-cacamba-no-piaui\/","title":{"rendered":"Estudante de Inform\u00e1tica morre em batida entre moto e ca\u00e7amba no Piau\u00ed"},"content":{"rendered":"\n<p>Um jovem de 18 anos, identificado como Francinaldo da Silva Alves, faleceu ap\u00f3s colidir sua motocicleta com uma ca\u00e7amba na tarde desta segunda-feira (30\/09), por volta das 13h, nas proximidades da localidade Tapera dos Vital, na zona rural de Pedro II.<\/p>\n\n\n\n<p>Segundo informa\u00e7\u00f5es iniciais, Francinaldo n\u00e3o conseguiu desviar a tempo e bateu em uma ca\u00e7amba estacionada na estrada, que estava em obra. O impacto foi fatal, e o jovem morreu no local.<\/p>\n\n\n\n<p>De acordo com um familiar, Francinaldo estava retornando para casa ap\u00f3s as aulas. Ele sa\u00eda da localidade Tapera dos Vital em dire\u00e7\u00e3o \u00e0 localidade Gameleira quando ocorreu o acidente pr\u00f3ximo \u00e0 regi\u00e3o conhecida como &#8220;Madeira Cortada&#8221;.<\/p>\n\n\n\n<p>A escola CETI Prof\u00aa Angelina Mendes Braga, onde ele cursava o 2\u00ba ano do Curso T\u00e9cnico em Inform\u00e1tica, divulgou uma nota de pesar pela morte do jovem.<\/p>\n\n\n\n<p>&#8220;Lamentamos informar o falecimento de nosso aluno Francinaldo da Silva Alves. Neste momento de dor, expressamos nossas mais sinceras condol\u00eancias \u00e0 fam\u00edlia e amigos, solidificando nossa solidariedade a todos que tiveram o privil\u00e9gio de conviver com ele&#8221;.<\/p>\n\n\n\n<p>O Instituto M\u00e9dico Legal (IML) foi acionado para realizar a remo\u00e7\u00e3o do corpo.<\/p>\n\n\n\n<figure class=\"wp-block-image\"><a href=\"http:\/\/storage.stwonline.com.br\/180graus\/media\/image_bank\/2024\/9\/photo_2024-09-30_17-21-49_-1199104850886515204.jpg\"><img decoding=\"async\" src=\"http:\/\/storage.stwonline.com.br\/180graus\/media\/image_bank\/2024\/9\/photo_2024-09-30_17-21-49_-1199104850886515204.jpg\" alt=\"\"\/><\/a><\/figure>\n\n\n\n<p><a href=\"https:\/\/www.instagram.com\/reel\/DAjTIJwpFhlZQtZ6o1OVtZDXJpYwOLCyH-BbnM0\/?igsh=dHF4N25zNHE5MDNn\">https:\/\/www.instagram.com\/reel\/DAjTIJwpFhlZQtZ6o1OVtZDXJpYwOLCyH-BbnM0\/?igsh=dHF4N25zNHE5MDNn<\/a><\/p>\n\n\n\n<p><strong>Fonte:\u00a0Portal 24H<\/strong><\/p>\n","protected":false},"excerpt":{"rendered":"<p>Um jovem de 18 anos, identificado como Francinaldo da Silva Alves, faleceu ap\u00f3s colidir sua motocicleta com uma ca\u00e7amba na tarde desta segunda-feira (30\/09), por volta das 13h, nas proximidades da localidade Tapera dos Vital, na zona rural de Pedro II. Segundo informa\u00e7\u00f5es iniciais, Francinaldo n\u00e3o conseguiu desviar a tempo e bateu em uma ca\u00e7amba [&hellip;]<\/p>\n","protected":false},"author":4,"featured_media":60304,"comment_status":"open","ping_status":"open","sticky":false,"template":"","format":"standard","meta":{"beyondwords_generate_audio":"","beyondwords_project_id":"","beyondwords_podcast_id":"","beyondwords_hash":"","beyondwords_error_message":"","beyondwords_disabled":"","publish_post_to_speechkit":"","speechkit_generate_audio":"","speechkit_project_id":"","speechkit_podcast_id":"","speechkit_hash":"","speechkit_error_message":"","speechkit_disabled":"","speechkit_access_key":"","speechkit_error":"","speechkit_info":"","speechkit_response":"","speechkit_retries":"","_speechkit_link":"","_speechkit_text":""},"categories":[51],"tags":[9841,54,44,46,178,529,12062,119,304,52],"jetpack_featured_media_url":"https:\/\/pinews.com.br\/wp-content\/uploads\/2024\/09\/photo_2024-09-30_17-22-02_-1199147098077430946.jpg","_links":{"self":[{"href":"https:\/\/pinews.com.br\/index.php\/wp-json\/wp\/v2\/posts\/60303"}],"collection":[{"href":"https:\/\/pinews.com.br\/index.php\/wp-json\/wp\/v2\/posts"}],"about":[{"href":"https:\/\/pinews.com.br\/index.php\/wp-json\/wp\/v2\/types\/post"}],"author":[{"embeddable":true,"href":"https:\/\/pinews.com.br\/index.php\/wp-json\/wp\/v2\/users\/4"}],"replies":[{"embeddable":true,"href":"https:\/\/pinews.com.br\/index.php\/wp-json\/wp\/v2\/comments?post=60303"}],"version-history":[{"count":1,"href":"https:\/\/pinews.com.br\/index.php\/wp-json\/wp\/v2\/posts\/60303\/revisions"}],"predecessor-version":[{"id":60305,"href":"https:\/\/pinews.com.br\/index.php\/wp-json\/wp\/v2\/posts\/60303\/revisions\/60305"}],"wp:featuredmedia":[{"embeddable":true,"href":"https:\/\/pinews.com.br\/index.php\/wp-json\/wp\/v2\/media\/60304"}],"wp:attachment":[{"href":"https:\/\/pinews.com.br\/index.php\/wp-json\/wp\/v2\/media?parent=60303"}],"wp:term":[{"taxonomy":"category","embeddable":true,"href":"https:\/\/pinews.com.br\/index.php\/wp-json\/wp\/v2\/categories?post=60303"},{"taxonomy":"post_tag","embeddable":true,"href":"https:\/\/pinews.com.br\/index.php\/wp-json\/wp\/v2\/tags?post=60303"}],"curies":[{"name":"wp","href":"https:\/\/api.w.org\/{rel}","templated":true}]}}