{"id":60333,"date":"2024-10-01T18:44:15","date_gmt":"2024-10-01T21:44:15","guid":{"rendered":"https:\/\/pinews.com.br\/?p=60333"},"modified":"2024-10-01T18:44:18","modified_gmt":"2024-10-01T21:44:18","slug":"professor-de-matematica-e-encontrado-morto-dentro-de-casa-no-piaui","status":"publish","type":"post","link":"https:\/\/pinews.com.br\/index.php\/2024\/10\/01\/professor-de-matematica-e-encontrado-morto-dentro-de-casa-no-piaui\/","title":{"rendered":"Professor de matem\u00e1tica \u00e9 encontrado morto dentro de casa no Piau\u00ed"},"content":{"rendered":"\n<p>A comunidade escolar de Amarante est\u00e1 de luto pela perda do Professor Ant\u00f4nio dos Passos, encontrado sem vida em sua resid\u00eancia nesta ter\u00e7a-feira (1\u00ba\/09). As causas do falecimento ainda n\u00e3o foram divulgadas, mas h\u00e1 informa\u00e7\u00f5es n\u00e3o confirmadas de que ele teria sofrido um problema card\u00edaco.<\/p>\n\n\n\n<p>Licenciado em Matem\u00e1tica, Ant\u00f4nio dedicou sua carreira ao ensino, atuando em n\u00edveis fundamental, m\u00e9dio e superior. Ele era muito querido pelos alunos e respeitado por seu compromisso com a Educa\u00e7\u00e3o em Amarante.<\/p>\n\n\n\n<p>Al\u00e9m de sua atua\u00e7\u00e3o no munic\u00edpio, o Professor Ant\u00f4nio tamb\u00e9m era servidor p\u00fablico estadual do Maranh\u00e3o, contribuindo para a educa\u00e7\u00e3o em S\u00e3o Francisco do Maranh\u00e3o.<\/p>\n\n\n\n<p>O vel\u00f3rio ser\u00e1 realizado em sua resid\u00eancia, na Rua da Santa Cruz, no Centro de Amarante, e o sepultamento est\u00e1 previsto para esta ter\u00e7a-feira (01\/10).<\/p>\n\n\n\n<p><strong>Fonte:\u00a0Somos Not\u00edcia<\/strong><\/p>\n","protected":false},"excerpt":{"rendered":"<p>A comunidade escolar de Amarante est\u00e1 de luto pela perda do Professor Ant\u00f4nio dos Passos, encontrado sem vida em sua resid\u00eancia nesta ter\u00e7a-feira (1\u00ba\/09). As causas do falecimento ainda n\u00e3o foram divulgadas, mas h\u00e1 informa\u00e7\u00f5es n\u00e3o confirmadas de que ele teria sofrido um problema card\u00edaco. Licenciado em Matem\u00e1tica, Ant\u00f4nio dedicou sua carreira ao ensino, atuando [&hellip;]<\/p>\n","protected":false},"author":4,"featured_media":60334,"comment_status":"open","ping_status":"open","sticky":false,"template":"","format":"standard","meta":{"beyondwords_generate_audio":"","beyondwords_project_id":"","beyondwords_podcast_id":"","beyondwords_hash":"","beyondwords_error_message":"","beyondwords_disabled":"","publish_post_to_speechkit":"","speechkit_generate_audio":"","speechkit_project_id":"","speechkit_podcast_id":"","speechkit_hash":"","speechkit_error_message":"","speechkit_disabled":"","speechkit_access_key":"","speechkit_error":"","speechkit_info":"","speechkit_response":"","speechkit_retries":"","_speechkit_link":"","_speechkit_text":""},"categories":[51,78],"tags":[149,44,192,72,200,8091,197,52,380],"jetpack_featured_media_url":"https:\/\/pinews.com.br\/wp-content\/uploads\/2024\/10\/morre-professor-antonio-dos-passos-em-amarante_-1783453820328333964-1.jpg","_links":{"self":[{"href":"https:\/\/pinews.com.br\/index.php\/wp-json\/wp\/v2\/posts\/60333"}],"collection":[{"href":"https:\/\/pinews.com.br\/index.php\/wp-json\/wp\/v2\/posts"}],"about":[{"href":"https:\/\/pinews.com.br\/index.php\/wp-json\/wp\/v2\/types\/post"}],"author":[{"embeddable":true,"href":"https:\/\/pinews.com.br\/index.php\/wp-json\/wp\/v2\/users\/4"}],"replies":[{"embeddable":true,"href":"https:\/\/pinews.com.br\/index.php\/wp-json\/wp\/v2\/comments?post=60333"}],"version-history":[{"count":1,"href":"https:\/\/pinews.com.br\/index.php\/wp-json\/wp\/v2\/posts\/60333\/revisions"}],"predecessor-version":[{"id":60335,"href":"https:\/\/pinews.com.br\/index.php\/wp-json\/wp\/v2\/posts\/60333\/revisions\/60335"}],"wp:featuredmedia":[{"embeddable":true,"href":"https:\/\/pinews.com.br\/index.php\/wp-json\/wp\/v2\/media\/60334"}],"wp:attachment":[{"href":"https:\/\/pinews.com.br\/index.php\/wp-json\/wp\/v2\/media?parent=60333"}],"wp:term":[{"taxonomy":"category","embeddable":true,"href":"https:\/\/pinews.com.br\/index.php\/wp-json\/wp\/v2\/categories?post=60333"},{"taxonomy":"post_tag","embeddable":true,"href":"https:\/\/pinews.com.br\/index.php\/wp-json\/wp\/v2\/tags?post=60333"}],"curies":[{"name":"wp","href":"https:\/\/api.w.org\/{rel}","templated":true}]}}