{"id":60358,"date":"2024-10-02T18:26:19","date_gmt":"2024-10-02T21:26:19","guid":{"rendered":"https:\/\/pinews.com.br\/?p=60358"},"modified":"2024-10-02T18:26:22","modified_gmt":"2024-10-02T21:26:22","slug":"advogado-morre-apos-sofrer-mal-subito-na-porta-de-forum-no-piaui","status":"publish","type":"post","link":"https:\/\/pinews.com.br\/index.php\/2024\/10\/02\/advogado-morre-apos-sofrer-mal-subito-na-porta-de-forum-no-piaui\/","title":{"rendered":"Advogado morre ap\u00f3s sofrer mal s\u00fabito na porta de f\u00f3rum no Piau\u00ed"},"content":{"rendered":"\n<p>O advogado Eduardo Douglas Fraz\u00e3o e Silva, 44 anos, morreu no final da manh\u00e3 desta quarta-feira (2) ap\u00f3s sofrer mal s\u00fabito na porta do F\u00f3rum C\u00edvel e Criminal de Teresina, localizado no bairro Cabral, na zona Norte da capital. <\/p>\n\n\n\n<p>O Cidadeverde.com apurou que Eduardo Fraz\u00e3o estava fora do pr\u00e9dio do Tribunal de Justi\u00e7a do Piau\u00ed (TJ-PI), quando teria passado mal. Populares chegaram a acionar o Servi\u00e7o de Atendimento M\u00f3vel de Urg\u00eancia (Samu), mas o advogado n\u00e3o resistiu. <\/p>\n\n\n\n<p>Em nota, a Ordem dos Advogados do Brasil, Seccional Piau\u00ed (OAB-PI), manifestou pesar e se solidarizou com familiares e amigos de Eduardo Fraz\u00e3o. <\/p>\n\n\n\n<p><strong>Leia a nota da OAB-PI na \u00edntegra:<\/strong><\/p>\n\n\n\n<p><em>A Ordem dos Advogados do Brasil, Seccional Piau\u00ed (OAB-PI), manifesta profundo pesar pelo falecimento do Advogado Eduardo Douglas Fraz\u00e3o e Silva, que faleceu na manh\u00e3 desta quarta-feira (02\/10), em frente ao F\u00f3rum C\u00edvel e Criminal de Teresina.<\/em><\/p>\n\n\n\n<p><em>Neste momento de dor e resigna\u00e7\u00e3o, a Seccional Piau\u00ed se solidariza com familiares e amigos do Advogado Eduardo Douglas Fraz\u00e3o e Silva e expressa as mais profundas e sinceras condol\u00eancias.<\/em><\/p>\n\n\n\n<p>Em nota, o desembargador Hilo de Almeida Sousa, presidente do TJ-PI, tamb\u00e9m manifestou pesar pelo falecimento do advogado. \u201cQue haja conforto para os cora\u00e7\u00f5es de seus familiares e amigos neste momento de tamanha dor\u201d, diz o texto.<\/p>\n\n\n\n<p><strong>Leia na \u00edntegra:<\/strong><\/p>\n\n\n\n<p><em>Com profundo pesar, o Tribunal de Justi\u00e7a do Piau\u00ed (TJ-PI) lamenta o falecimento precoce do advogado Eduardo Douglas Fraz\u00e3o e Silva, aos 44 anos, na manh\u00e3 desta quarta-feira (02), em frente ao F\u00f3rum C\u00edvel e Criminal de Teresina. Que haja conforto para os cora\u00e7\u00f5es de seus familiares e amigos neste momento de tamanha dor. <\/em><\/p>\n\n\n\n<p><em>Des. Hilo de Almeida Sousa <\/em><\/p>\n\n\n\n<p><em>Presidente do TJ-PI<\/em><\/p>\n\n\n\n<p><strong>Fonte: Breno Moreno\/ Cidade Verde<\/strong> <\/p>\n","protected":false},"excerpt":{"rendered":"<p>O advogado Eduardo Douglas Fraz\u00e3o e Silva, 44 anos, morreu no final da manh\u00e3 desta quarta-feira (2) ap\u00f3s sofrer mal s\u00fabito na porta do F\u00f3rum C\u00edvel e Criminal de Teresina, localizado no bairro Cabral, na zona Norte da capital. O Cidadeverde.com apurou que Eduardo Fraz\u00e3o estava fora do pr\u00e9dio do Tribunal de Justi\u00e7a do Piau\u00ed [&hellip;]<\/p>\n","protected":false},"author":4,"featured_media":60359,"comment_status":"open","ping_status":"open","sticky":false,"template":"","format":"standard","meta":{"beyondwords_generate_audio":"","beyondwords_project_id":"","beyondwords_podcast_id":"","beyondwords_hash":"","beyondwords_error_message":"","beyondwords_disabled":"","publish_post_to_speechkit":"","speechkit_generate_audio":"","speechkit_project_id":"","speechkit_podcast_id":"","speechkit_hash":"","speechkit_error_message":"","speechkit_disabled":"","speechkit_access_key":"","speechkit_error":"","speechkit_info":"","speechkit_response":"","speechkit_retries":"","_speechkit_link":"","_speechkit_text":""},"categories":[51,81],"tags":[325,70,44,9818,368,119,91,52,1793,354,7106],"jetpack_featured_media_url":"https:\/\/pinews.com.br\/wp-content\/uploads\/2024\/10\/95dd6e1e875313a174d895af43acc617.jpg","_links":{"self":[{"href":"https:\/\/pinews.com.br\/index.php\/wp-json\/wp\/v2\/posts\/60358"}],"collection":[{"href":"https:\/\/pinews.com.br\/index.php\/wp-json\/wp\/v2\/posts"}],"about":[{"href":"https:\/\/pinews.com.br\/index.php\/wp-json\/wp\/v2\/types\/post"}],"author":[{"embeddable":true,"href":"https:\/\/pinews.com.br\/index.php\/wp-json\/wp\/v2\/users\/4"}],"replies":[{"embeddable":true,"href":"https:\/\/pinews.com.br\/index.php\/wp-json\/wp\/v2\/comments?post=60358"}],"version-history":[{"count":1,"href":"https:\/\/pinews.com.br\/index.php\/wp-json\/wp\/v2\/posts\/60358\/revisions"}],"predecessor-version":[{"id":60360,"href":"https:\/\/pinews.com.br\/index.php\/wp-json\/wp\/v2\/posts\/60358\/revisions\/60360"}],"wp:featuredmedia":[{"embeddable":true,"href":"https:\/\/pinews.com.br\/index.php\/wp-json\/wp\/v2\/media\/60359"}],"wp:attachment":[{"href":"https:\/\/pinews.com.br\/index.php\/wp-json\/wp\/v2\/media?parent=60358"}],"wp:term":[{"taxonomy":"category","embeddable":true,"href":"https:\/\/pinews.com.br\/index.php\/wp-json\/wp\/v2\/categories?post=60358"},{"taxonomy":"post_tag","embeddable":true,"href":"https:\/\/pinews.com.br\/index.php\/wp-json\/wp\/v2\/tags?post=60358"}],"curies":[{"name":"wp","href":"https:\/\/api.w.org\/{rel}","templated":true}]}}