{"id":60379,"date":"2024-10-03T18:44:22","date_gmt":"2024-10-03T21:44:22","guid":{"rendered":"https:\/\/pinews.com.br\/?p=60379"},"modified":"2024-10-03T18:44:24","modified_gmt":"2024-10-03T21:44:24","slug":"piauiense-morre-em-acidente-de-carro-apos-problema-com-airbag-no-distrito-federal","status":"publish","type":"post","link":"https:\/\/pinews.com.br\/index.php\/2024\/10\/03\/piauiense-morre-em-acidente-de-carro-apos-problema-com-airbag-no-distrito-federal\/","title":{"rendered":"Piauiense morre em acidente de carro ap\u00f3s problema com airbag no Distrito Federal"},"content":{"rendered":"\n<p>A piauiense Marcela Gon\u00e7alves Feitosa de Melo, de 37 anos, morreu na \u00faltima ter\u00e7a-feira (01\/10) ap\u00f3s um acidente de carro no Distrito Federal. A v\u00edtima estava dirigindo um Toyota Etios quando colidiu na traseira de um ve\u00edculo HB20, que havia parado na faixa de pedestre. Segundo informa\u00e7\u00f5es da Pol\u00edcia Militar do DF, o airbag do Etios foi acionado durante a colis\u00e3o, e a espoleta do equipamento perfurou a art\u00e9ria car\u00f3tida da motorista.<\/p>\n\n\n\n<p>O delegado Victor Dan, da 3\u00aa Delegacia de Pol\u00edcia Civil, afirmou que laudos do Instituto de Criminal\u00edstica s\u00e3o necess\u00e1rios para confirmar a origem do fragmento que atingiu Marcela. A assistente social, natural de Inhuma, Piau\u00ed, trabalhava no Centro de Integra\u00e7\u00e3o Empresa-Escola (CIEE) e tamb\u00e9m prestou servi\u00e7os \u00e0 UniProje\u00e7\u00e3o.<\/p>\n\n\n\n<p>O vel\u00f3rio de Marcela Gon\u00e7alves ser\u00e1 realizado nesta quinta-feira (03\/10), no cemit\u00e9rio Campo da Esperan\u00e7a de Taguatinga, a partir das 13h, com sepultamento previsto para as 15h30. Em nota, o CIEE lamentou a morte da colaboradora e destacou que est\u00e1 prestando todo o suporte necess\u00e1rio \u00e0 fam\u00edlia.<\/p>\n\n\n\n<p>A montadora Toyota tamb\u00e9m se manifestou, confirmando que o ve\u00edculo estava em recall, anunciado em 2020, e ressaltou a import\u00e2ncia de os motoristas ficarem atentos \u00e0s campanhas de recall. O acidente ocorreu em uma via movimentada entre o Sudoeste e o Cruzeiro, e o caso est\u00e1 sendo investigado pela Pol\u00edcia Civil.<\/p>\n\n\n\n<p><strong>Leia a nota completa:<\/strong><\/p>\n\n\n\n<p><em>\u201cA&nbsp;Toyota se solidariza com a fam\u00edlia da v\u00edtima e lamenta o ocorrido. Com rela\u00e7\u00e3o ao ve\u00edculo, informa que se encontra com campanha de recall pendente desde 2019. Para que a Toyota possa fornecer maiores informa\u00e7\u00f5es, ser\u00e1 necess\u00e1ria per\u00edcia t\u00e9cnica.<\/em><\/p>\n\n\n\n<p><em>Aproveitamos para pedir aos propriet\u00e1rios que verifiquem se os seus ve\u00edculos est\u00e3o envolvidos na campanha de recall pelo site https:\/\/www.toyota.com.br\/meu-toyota\/servicos\/recall, pelo Toyota Assist\u00eancia 24 horas no telefone 0800 703 0206 ou diretamente com o concession\u00e1rio mais pr\u00f3ximo. Caso o ve\u00edculo esteja envolvido na campanha de recall, pedimos que o propriet\u00e1rio entre em contato com a Rede de Concession\u00e1rias Toyota para realizar o agendamento. O servi\u00e7o consiste na substitui\u00e7\u00e3o do deflagrador da bolsa do airbag, tem dura\u00e7\u00e3o estimada de at\u00e9 1 hora e \u00e9 realizado de forma gratuita.\u201c<\/em><\/p>\n\n\n\n<p><strong>Fonte: 180 graus<\/strong><\/p>\n","protected":false},"excerpt":{"rendered":"<p>A piauiense Marcela Gon\u00e7alves Feitosa de Melo, de 37 anos, morreu na \u00faltima ter\u00e7a-feira (01\/10) ap\u00f3s um acidente de carro no Distrito Federal. A v\u00edtima estava dirigindo um Toyota Etios quando colidiu na traseira de um ve\u00edculo HB20, que havia parado na faixa de pedestre. Segundo informa\u00e7\u00f5es da Pol\u00edcia Militar do DF, o airbag do [&hellip;]<\/p>\n","protected":false},"author":4,"featured_media":60380,"comment_status":"open","ping_status":"open","sticky":false,"template":"","format":"standard","meta":{"beyondwords_generate_audio":"","beyondwords_project_id":"","beyondwords_podcast_id":"","beyondwords_hash":"","beyondwords_error_message":"","beyondwords_disabled":"","publish_post_to_speechkit":"","speechkit_generate_audio":"","speechkit_project_id":"","speechkit_podcast_id":"","speechkit_hash":"","speechkit_error_message":"","speechkit_disabled":"","speechkit_access_key":"","speechkit_error":"","speechkit_info":"","speechkit_response":"","speechkit_retries":"","_speechkit_link":"","_speechkit_text":""},"categories":[51],"tags":[176,12403,70,62,44,5908,46,5461,119,511,7769],"jetpack_featured_media_url":"https:\/\/pinews.com.br\/wp-content\/uploads\/2024\/10\/wdede_839759083732822573.webp","_links":{"self":[{"href":"https:\/\/pinews.com.br\/index.php\/wp-json\/wp\/v2\/posts\/60379"}],"collection":[{"href":"https:\/\/pinews.com.br\/index.php\/wp-json\/wp\/v2\/posts"}],"about":[{"href":"https:\/\/pinews.com.br\/index.php\/wp-json\/wp\/v2\/types\/post"}],"author":[{"embeddable":true,"href":"https:\/\/pinews.com.br\/index.php\/wp-json\/wp\/v2\/users\/4"}],"replies":[{"embeddable":true,"href":"https:\/\/pinews.com.br\/index.php\/wp-json\/wp\/v2\/comments?post=60379"}],"version-history":[{"count":1,"href":"https:\/\/pinews.com.br\/index.php\/wp-json\/wp\/v2\/posts\/60379\/revisions"}],"predecessor-version":[{"id":60381,"href":"https:\/\/pinews.com.br\/index.php\/wp-json\/wp\/v2\/posts\/60379\/revisions\/60381"}],"wp:featuredmedia":[{"embeddable":true,"href":"https:\/\/pinews.com.br\/index.php\/wp-json\/wp\/v2\/media\/60380"}],"wp:attachment":[{"href":"https:\/\/pinews.com.br\/index.php\/wp-json\/wp\/v2\/media?parent=60379"}],"wp:term":[{"taxonomy":"category","embeddable":true,"href":"https:\/\/pinews.com.br\/index.php\/wp-json\/wp\/v2\/categories?post=60379"},{"taxonomy":"post_tag","embeddable":true,"href":"https:\/\/pinews.com.br\/index.php\/wp-json\/wp\/v2\/tags?post=60379"}],"curies":[{"name":"wp","href":"https:\/\/api.w.org\/{rel}","templated":true}]}}