{"id":60486,"date":"2024-10-10T15:10:04","date_gmt":"2024-10-10T18:10:04","guid":{"rendered":"https:\/\/pinews.com.br\/?p=60486"},"modified":"2024-10-10T15:10:07","modified_gmt":"2024-10-10T18:10:07","slug":"bebe-morre-afogado-dentro-de-balde-dagua-em-no-piaui-policia-civil-investiga-o-caso","status":"publish","type":"post","link":"https:\/\/pinews.com.br\/index.php\/2024\/10\/10\/bebe-morre-afogado-dentro-de-balde-dagua-em-no-piaui-policia-civil-investiga-o-caso\/","title":{"rendered":"Beb\u00ea morre afogado dentro de balde d&#8217;\u00e1gua em no Piau\u00ed; Pol\u00edcia Civil investiga o caso"},"content":{"rendered":"\n<p>Um\u00a0beb\u00ea de aproximadamente 1 ano e seis meses\u00a0morreu afogado dentro de um balde d\u2019\u00e1gua, na Vila Padre M\u00e1rcio, em\u00a0Barras, a 127 km de Teresina. O caso aconteceu no domingo (6). Segundo a Pol\u00edcia Civil, a m\u00e3e \u00e9 adolescente, e ela teria o beb\u00ea com seu irm\u00e3o de 14 anos e sa\u00eddo para uma festa.<\/p>\n\n\n\n<blockquote class=\"wp-block-quote\">\n<p>&#8220;As&nbsp;investiga\u00e7\u00f5es indicam que a m\u00e3e teria sa\u00eddo para uma festa por volta das 21h do domingo&nbsp;e deixado a crian\u00e7a com o seu irm\u00e3o adolescente que, distra\u00eddo, n\u00e3o percebeu quando o beb\u00ea saiu do c\u00f4modo. Pouco tempo depois, a av\u00f3 encontrou o corpo da crian\u00e7a j\u00e1 sem vida, em um balde no banheiro da casa&#8221;, explicou o delegado Pablo Gustavo, do 2\u00ba Distrito Policial de Barras.<\/p>\n<\/blockquote>\n\n\n\n<p>Conforme o 30\u00ba Batalh\u00e3o da Pol\u00edcia Militar, a crian\u00e7a teria sido encontrada pela av\u00f3 j\u00e1 desacordada dentro do balde, com os p\u00e9s para cima. O Servi\u00e7o de Atendimento M\u00f3vel de Urg\u00eancia (SAMU) foi acionado e constatou a morte do beb\u00ea.<\/p>\n\n\n\n<p>O caso est\u00e1 sendo investigado pela Pol\u00edcia Civil de Barras.\u00a0A av\u00f3 e a m\u00e3e do beb\u00ea, al\u00e9m de dois jovens, prestaram depoimento na data do ocorrido.\u00a0Ainda conforme o delegado, at\u00e9 o momento, o caso se enquadra como\u00a0crime de abandono de incapaz.<\/p>\n\n\n\n<blockquote class=\"wp-block-quote\">\n<p>&#8220;Diante dos fatos, a m\u00e3e agiu com neglig\u00eancia ao deixar seu filho sem supervis\u00e3o adequada&#8221;, destacou Pablo Gustavo.<\/p>\n<\/blockquote>\n\n\n\n<p>Em nota, o Conselho Tutelar de Barras informou que todos os procedimentos referentes ao caso est\u00e3o sendo realizados.&nbsp;O \u00f3rg\u00e3o pediu ainda para que os moradores da regi\u00e3o n\u00e3o compartilhem imagens da crian\u00e7a sem vida.&nbsp;<strong>Confira:<\/strong><\/p>\n\n\n\n<p><em>O Conselho Tutelar de Barras, vem por meio desta nota, esclarecer os fatos do caso ocorrido no \u00faltimo final de semana, caso este que envolve uma crian\u00e7a menor de 2 anos de idade.<\/em><\/p>\n\n\n\n<p><em>Por esta raz\u00e3o, bem como pela complexidade dos fatos, e visando proteger a imagem da crian\u00e7a e da fam\u00edlia, todos os procedimentos investigat\u00f3rios s\u00e3o sigilosos.<\/em><\/p>\n\n\n\n<p><em>Todas as medidas necess\u00e1rias j\u00e1 foram adotadas, o Conselho Tutelar informou o ocorrido ao Minist\u00e9rio P\u00fablico ainda no domingo \u00c0 noite, tendo sido orientado a procurar a Delegacia de Pol\u00edcia Civil de Barras, que, por sua vez, j\u00e1 adotou todos os procedimentos que o caso requer.<\/em><\/p>\n\n\n\n<p><em>Pedimos que n\u00e3o compartilhem fotos da crian\u00e7a j\u00e1 sem vida, pois j\u00e1 \u00e9 de conhecimento do Conselho Tutelar que tal foto tem circulado em grupos de WhatsApp da cidade.<\/em><\/p>\n\n\n\n<p><strong>Fonte: G1 PI <\/strong><\/p>\n","protected":false},"excerpt":{"rendered":"<p>Um\u00a0beb\u00ea de aproximadamente 1 ano e seis meses\u00a0morreu afogado dentro de um balde d\u2019\u00e1gua, na Vila Padre M\u00e1rcio, em\u00a0Barras, a 127 km de Teresina. O caso aconteceu no domingo (6). Segundo a Pol\u00edcia Civil, a m\u00e3e \u00e9 adolescente, e ela teria o beb\u00ea com seu irm\u00e3o de 14 anos e sa\u00eddo para uma festa. &#8220;As&nbsp;investiga\u00e7\u00f5es [&hellip;]<\/p>\n","protected":false},"author":4,"featured_media":60487,"comment_status":"open","ping_status":"open","sticky":false,"template":"","format":"standard","meta":{"beyondwords_generate_audio":"","beyondwords_project_id":"","beyondwords_podcast_id":"","beyondwords_hash":"","beyondwords_error_message":"","beyondwords_disabled":"","publish_post_to_speechkit":"","speechkit_generate_audio":"","speechkit_project_id":"","speechkit_podcast_id":"","speechkit_hash":"","speechkit_error_message":"","speechkit_disabled":"","speechkit_access_key":"","speechkit_error":"","speechkit_info":"","speechkit_response":"","speechkit_retries":"","_speechkit_link":"","_speechkit_text":""},"categories":[51],"tags":[278,10689,113,1124,936,5420,44,192,46,821,119,52,466],"jetpack_featured_media_url":"https:\/\/pinews.com.br\/wp-content\/uploads\/2024\/10\/prefeitura.jpg","_links":{"self":[{"href":"https:\/\/pinews.com.br\/index.php\/wp-json\/wp\/v2\/posts\/60486"}],"collection":[{"href":"https:\/\/pinews.com.br\/index.php\/wp-json\/wp\/v2\/posts"}],"about":[{"href":"https:\/\/pinews.com.br\/index.php\/wp-json\/wp\/v2\/types\/post"}],"author":[{"embeddable":true,"href":"https:\/\/pinews.com.br\/index.php\/wp-json\/wp\/v2\/users\/4"}],"replies":[{"embeddable":true,"href":"https:\/\/pinews.com.br\/index.php\/wp-json\/wp\/v2\/comments?post=60486"}],"version-history":[{"count":1,"href":"https:\/\/pinews.com.br\/index.php\/wp-json\/wp\/v2\/posts\/60486\/revisions"}],"predecessor-version":[{"id":60488,"href":"https:\/\/pinews.com.br\/index.php\/wp-json\/wp\/v2\/posts\/60486\/revisions\/60488"}],"wp:featuredmedia":[{"embeddable":true,"href":"https:\/\/pinews.com.br\/index.php\/wp-json\/wp\/v2\/media\/60487"}],"wp:attachment":[{"href":"https:\/\/pinews.com.br\/index.php\/wp-json\/wp\/v2\/media?parent=60486"}],"wp:term":[{"taxonomy":"category","embeddable":true,"href":"https:\/\/pinews.com.br\/index.php\/wp-json\/wp\/v2\/categories?post=60486"},{"taxonomy":"post_tag","embeddable":true,"href":"https:\/\/pinews.com.br\/index.php\/wp-json\/wp\/v2\/tags?post=60486"}],"curies":[{"name":"wp","href":"https:\/\/api.w.org\/{rel}","templated":true}]}}