{"id":60580,"date":"2024-10-15T21:15:26","date_gmt":"2024-10-16T00:15:26","guid":{"rendered":"https:\/\/pinews.com.br\/?p=60580"},"modified":"2024-10-15T21:15:28","modified_gmt":"2024-10-16T00:15:28","slug":"menina-relata-ter-sido-estuprada-pelo-irmao-para-colegas-de-escola-e-homem-e-preso-apos-denuncia-no-piaui","status":"publish","type":"post","link":"https:\/\/pinews.com.br\/index.php\/2024\/10\/15\/menina-relata-ter-sido-estuprada-pelo-irmao-para-colegas-de-escola-e-homem-e-preso-apos-denuncia-no-piaui\/","title":{"rendered":"Menina relata ter sido estuprada pelo irm\u00e3o para colegas de escola e homem \u00e9 preso ap\u00f3s den\u00fancia no Piau\u00ed"},"content":{"rendered":"\n<p>Um\u00a0jovem de 21 anos\u00a0foi preso, na segunda-feira (14), suspeito de estuprar a irm\u00e3, uma\u00a0menina de 13 anos, em\u00a0Cristino Castro, a 571 km de\u00a0Teresina.\u00a0A v\u00edtima denunciou o irm\u00e3o \u00e0 diretora da escola em que estuda ap\u00f3s ser incentivada pelas amigas, segundo a Pol\u00edcia Civil do Piau\u00ed (PCPI).\u00a0A den\u00fancia da garota motivou ainda uma de suas primas a denunciar o pai pelo mesmo crime.<\/p>\n\n\n\n<p>Os abusos aconteciam desde que a menina tinha 11 anos, na casa da m\u00e3e dos irm\u00e3os, em\u00a0Bom Jesus, no Sul do Piau\u00ed. Conforme a delegada Roane Melo, o suspeito aproveitava a aus\u00eancia da m\u00e3e para cometer o crime.<\/p>\n\n\n\n<blockquote class=\"wp-block-quote\">\n<p>&#8220;Eles passavam muito tempo sozinhos em casa quando a m\u00e3e deles sa\u00eda para trabalhar. Esse ano, ela se abriu com algumas colegas, que a incentivaram a falar com a diretora da escola\u201d, afirmou a delegada ao&nbsp;<a class=\"\" href=\"https:\/\/g1.globo.com\/pi\/piaui\/\">g1<\/a>.<\/p>\n<\/blockquote>\n\n\n\n<p>Assim que a v\u00edtima revelou os abusos, a dire\u00e7\u00e3o da escola comunicou a m\u00e3e da estudante e o Conselho Tutelar do munic\u00edpio, que levaram a den\u00fancia \u00e0 Delegacia de Bom Jesus em agosto deste ano. A garota passou por exames e escuta especializada.<\/p>\n\n\n\n<p>O irm\u00e3o da adolescente foi preso em Cristino Castro, a 37 km de Bom Jesus.\u00a0Ele saiu de casa quando a fam\u00edlia registrou a den\u00fancia e havia se mudado para a outra cidade h\u00e1 cerca de um m\u00eas.<\/p>\n\n\n\n<p>O suspeito deve passar por audi\u00eancia de cust\u00f3dia e responder pelo crime de estupro de vulner\u00e1vel.<\/p>\n\n\n\n<h2>Prima denuncia pai por abusos<\/h2>\n\n\n\n<p>Segundo a delegada Roane Melo, uma das primas da menina de 13 anos tamb\u00e9m denunciou o pai por estupro de vulner\u00e1vel.\u00a0A den\u00fancia foi feita quatro dias depois.<\/p>\n\n\n\n<p>A garota, atualmente com 12 anos, relatou&nbsp;sofrer os abusos desde que tinha cinco anos. Suspeito do crime, o pai dela foi preso em 9 de setembro deste ano, em Bom Jesus.<\/p>\n\n\n\n<figure class=\"wp-block-image\"><img decoding=\"async\" src=\"https:\/\/s2-g1.glbimg.com\/qjsRHW2Q8zsXoukvfavLTNkna2o=\/0x40:1009x960\/984x0\/smart\/filters:strip_icc()\/i.s3.glbimg.com\/v1\/AUTH_59edd422c0c84a879bd37670ae4f538a\/internal_photos\/bs\/2024\/t\/j\/vBU60BRzGCe3eR3aQP4g\/whatsapp-image-2024-10-15-at-12.34.24.jpeg\" alt=\"Homem \u00e9 preso suspeito de estuprar filha de 12 anos em Bom Jesus \u2014 Foto: Divulga\u00e7\u00e3o\/PCPI\"\/><figcaption class=\"wp-element-caption\">Homem \u00e9 preso suspeito de estuprar filha de 12 anos em Bom Jesus \u2014 Foto: Divulga\u00e7\u00e3o\/PCPI<\/figcaption><\/figure>\n\n\n\n<p><strong>Fonte: G1 PI <\/strong><\/p>\n","protected":false},"excerpt":{"rendered":"<p>Um\u00a0jovem de 21 anos\u00a0foi preso, na segunda-feira (14), suspeito de estuprar a irm\u00e3, uma\u00a0menina de 13 anos, em\u00a0Cristino Castro, a 571 km de\u00a0Teresina.\u00a0A v\u00edtima denunciou o irm\u00e3o \u00e0 diretora da escola em que estuda ap\u00f3s ser incentivada pelas amigas, segundo a Pol\u00edcia Civil do Piau\u00ed (PCPI).\u00a0A den\u00fancia da garota motivou ainda uma de suas primas [&hellip;]<\/p>\n","protected":false},"author":4,"featured_media":60581,"comment_status":"open","ping_status":"open","sticky":false,"template":"","format":"standard","meta":{"beyondwords_generate_audio":"","beyondwords_project_id":"","beyondwords_podcast_id":"","beyondwords_hash":"","beyondwords_error_message":"","beyondwords_disabled":"","publish_post_to_speechkit":"","speechkit_generate_audio":"","speechkit_project_id":"","speechkit_podcast_id":"","speechkit_hash":"","speechkit_error_message":"","speechkit_disabled":"","speechkit_access_key":"","speechkit_error":"","speechkit_info":"","speechkit_response":"","speechkit_retries":"","_speechkit_link":"","_speechkit_text":""},"categories":[51,78],"tags":[70,10219,44,629,72,1425,5554,84,1265,1207,350,137,52,79,9182,5347,521],"jetpack_featured_media_url":"https:\/\/pinews.com.br\/wp-content\/uploads\/2024\/10\/prisao-estupro.jpeg","_links":{"self":[{"href":"https:\/\/pinews.com.br\/index.php\/wp-json\/wp\/v2\/posts\/60580"}],"collection":[{"href":"https:\/\/pinews.com.br\/index.php\/wp-json\/wp\/v2\/posts"}],"about":[{"href":"https:\/\/pinews.com.br\/index.php\/wp-json\/wp\/v2\/types\/post"}],"author":[{"embeddable":true,"href":"https:\/\/pinews.com.br\/index.php\/wp-json\/wp\/v2\/users\/4"}],"replies":[{"embeddable":true,"href":"https:\/\/pinews.com.br\/index.php\/wp-json\/wp\/v2\/comments?post=60580"}],"version-history":[{"count":1,"href":"https:\/\/pinews.com.br\/index.php\/wp-json\/wp\/v2\/posts\/60580\/revisions"}],"predecessor-version":[{"id":60582,"href":"https:\/\/pinews.com.br\/index.php\/wp-json\/wp\/v2\/posts\/60580\/revisions\/60582"}],"wp:featuredmedia":[{"embeddable":true,"href":"https:\/\/pinews.com.br\/index.php\/wp-json\/wp\/v2\/media\/60581"}],"wp:attachment":[{"href":"https:\/\/pinews.com.br\/index.php\/wp-json\/wp\/v2\/media?parent=60580"}],"wp:term":[{"taxonomy":"category","embeddable":true,"href":"https:\/\/pinews.com.br\/index.php\/wp-json\/wp\/v2\/categories?post=60580"},{"taxonomy":"post_tag","embeddable":true,"href":"https:\/\/pinews.com.br\/index.php\/wp-json\/wp\/v2\/tags?post=60580"}],"curies":[{"name":"wp","href":"https:\/\/api.w.org\/{rel}","templated":true}]}}