{"id":60583,"date":"2024-10-15T21:17:37","date_gmt":"2024-10-16T00:17:37","guid":{"rendered":"https:\/\/pinews.com.br\/?p=60583"},"modified":"2024-10-15T21:17:38","modified_gmt":"2024-10-16T00:17:38","slug":"em-pio-ix-van-capota-na-curva-do-gato-e-deixa-cerca-de-15-feridos","status":"publish","type":"post","link":"https:\/\/pinews.com.br\/index.php\/2024\/10\/15\/em-pio-ix-van-capota-na-curva-do-gato-e-deixa-cerca-de-15-feridos\/","title":{"rendered":"Em Pio IX, van capota na \u201cCurva do Gato\u201d e deixa cerca de 15 feridos"},"content":{"rendered":"\n<p>Uma van capotou nessa ter\u00e7a-feira, 15 de outubro, no local identificado por Curva do Gato, no trecho da PI-378, rodovia que liga a sede de Pio IX \u00e0 BR-020.<\/p>\n\n\n\n<p>Ainda n\u00e3o se sabe ao certo a din\u00e2mica do acidente. As primeiras informa\u00e7\u00f5es d\u00e3o conta que a van transportava passageiros da regi\u00e3o de Araripina\/PE, quando capotou e desceu a ribanceira.<\/p>\n\n\n\n<p>Pelo menos 15 passageiros foram encaminhados ao Hospital Municipal Dona Lourdes Mota em Pio IX, onde receberam os primeiros atendimentos e logo em seguida 14 tiveram que ser transferidos para o Hospital Regional Justino Luz, em Picos.<\/p>\n\n\n\n<p>At\u00e9 o fechamento desta mat\u00e9ria, n\u00e3o houve nenhuma confirma\u00e7\u00e3o de v\u00edtima fatal.<\/p>\n\n\n\n<p><strong>Fonte: Portal \u00c9 Not\u00edcias <\/strong><\/p>\n","protected":false},"excerpt":{"rendered":"<p>Uma van capotou nessa ter\u00e7a-feira, 15 de outubro, no local identificado por Curva do Gato, no trecho da PI-378, rodovia que liga a sede de Pio IX \u00e0 BR-020. Ainda n\u00e3o se sabe ao certo a din\u00e2mica do acidente. As primeiras informa\u00e7\u00f5es d\u00e3o conta que a van transportava passageiros da regi\u00e3o de Araripina\/PE, quando capotou [&hellip;]<\/p>\n","protected":false},"author":1,"featured_media":60584,"comment_status":"open","ping_status":"open","sticky":false,"template":"","format":"standard","meta":{"beyondwords_generate_audio":"","beyondwords_project_id":"","beyondwords_podcast_id":"","beyondwords_hash":"","beyondwords_error_message":"","beyondwords_disabled":"","publish_post_to_speechkit":"","speechkit_generate_audio":"","speechkit_project_id":"","speechkit_podcast_id":"","speechkit_hash":"","speechkit_error_message":"","speechkit_disabled":"","speechkit_access_key":"","speechkit_error":"","speechkit_info":"","speechkit_response":"","speechkit_retries":"","_speechkit_link":"","_speechkit_text":""},"categories":[51,308],"tags":[180,868,210,1693,44,252,46,254,733,303,91,307,1617],"jetpack_featured_media_url":"https:\/\/pinews.com.br\/wp-content\/uploads\/2024\/10\/bfbfbhfhfhf.jpg","_links":{"self":[{"href":"https:\/\/pinews.com.br\/index.php\/wp-json\/wp\/v2\/posts\/60583"}],"collection":[{"href":"https:\/\/pinews.com.br\/index.php\/wp-json\/wp\/v2\/posts"}],"about":[{"href":"https:\/\/pinews.com.br\/index.php\/wp-json\/wp\/v2\/types\/post"}],"author":[{"embeddable":true,"href":"https:\/\/pinews.com.br\/index.php\/wp-json\/wp\/v2\/users\/1"}],"replies":[{"embeddable":true,"href":"https:\/\/pinews.com.br\/index.php\/wp-json\/wp\/v2\/comments?post=60583"}],"version-history":[{"count":1,"href":"https:\/\/pinews.com.br\/index.php\/wp-json\/wp\/v2\/posts\/60583\/revisions"}],"predecessor-version":[{"id":60585,"href":"https:\/\/pinews.com.br\/index.php\/wp-json\/wp\/v2\/posts\/60583\/revisions\/60585"}],"wp:featuredmedia":[{"embeddable":true,"href":"https:\/\/pinews.com.br\/index.php\/wp-json\/wp\/v2\/media\/60584"}],"wp:attachment":[{"href":"https:\/\/pinews.com.br\/index.php\/wp-json\/wp\/v2\/media?parent=60583"}],"wp:term":[{"taxonomy":"category","embeddable":true,"href":"https:\/\/pinews.com.br\/index.php\/wp-json\/wp\/v2\/categories?post=60583"},{"taxonomy":"post_tag","embeddable":true,"href":"https:\/\/pinews.com.br\/index.php\/wp-json\/wp\/v2\/tags?post=60583"}],"curies":[{"name":"wp","href":"https:\/\/api.w.org\/{rel}","templated":true}]}}