{"id":60592,"date":"2024-10-16T14:16:43","date_gmt":"2024-10-16T17:16:43","guid":{"rendered":"https:\/\/pinews.com.br\/?p=60592"},"modified":"2024-10-16T14:16:45","modified_gmt":"2024-10-16T17:16:45","slug":"ex-diretor-de-escola-e-preso-apos-condenacao-por-estupro-de-vulneravel-contra-aluna-no-piaui","status":"publish","type":"post","link":"https:\/\/pinews.com.br\/index.php\/2024\/10\/16\/ex-diretor-de-escola-e-preso-apos-condenacao-por-estupro-de-vulneravel-contra-aluna-no-piaui\/","title":{"rendered":"Ex- diretor de escola \u00e9 preso ap\u00f3s condena\u00e7\u00e3o por estupro de vulner\u00e1vel contra aluna no Piau\u00ed"},"content":{"rendered":"\n<p>O ex-diretor de uma escola, identificado pelas iniciais D.F., de 46 anos, foi preso nesta ter\u00e7a-feira (15) ap\u00f3s ser condenado por estupro de vulner\u00e1vel contra uma aluna. O mandado de pris\u00e3o foi cumprido pela 2\u00aa Divis\u00e3o de Combate ao Tr\u00e1fico de Drogas de Parna\u00edba, litoral do Piau\u00ed.&nbsp;<\/p>\n\n\n\n<p>De acordo com a Pol\u00edcia Civil, a den\u00fancia partiu da m\u00e3e de uma adolescente de 13 anos, que denunciou o homem, que na ocasi\u00e3o era o diretor da escola onde a menina estudava, pela pr\u00e1tica do crime de estupro de vulner\u00e1vel.<\/p>\n\n\n\n<blockquote class=\"wp-block-quote\">\n<p>\u201cDe acordo com a den\u00fancia, o diretor de iniciais D.F praticou atos libidinoso com a v\u00edtima, pessoa est\u00e1 na data do fato menor de 14 anos, prevalecendo-se de sua posi\u00e7\u00e3o de superior hier\u00e1rquico\u201d, afirmou a PC em nota.<\/p>\n<\/blockquote>\n\n\n\n<p>Atualmente, o r\u00e9u atuava como professor da mesma escola. Ele foi condenado a 12 anos e dois meses de reclus\u00e3o pelo crime e, com a pris\u00e3o, passa a cumprir a pena.\u00a0<\/p>\n\n\n\n<p><strong>Fonte: Jade Araujo\/ Cidade Verde<\/strong> <\/p>\n","protected":false},"excerpt":{"rendered":"<p>O ex-diretor de uma escola, identificado pelas iniciais D.F., de 46 anos, foi preso nesta ter\u00e7a-feira (15) ap\u00f3s ser condenado por estupro de vulner\u00e1vel contra uma aluna. O mandado de pris\u00e3o foi cumprido pela 2\u00aa Divis\u00e3o de Combate ao Tr\u00e1fico de Drogas de Parna\u00edba, litoral do Piau\u00ed.&nbsp; De acordo com a Pol\u00edcia Civil, a den\u00fancia [&hellip;]<\/p>\n","protected":false},"author":4,"featured_media":44251,"comment_status":"open","ping_status":"open","sticky":false,"template":"","format":"standard","meta":{"beyondwords_generate_audio":"","beyondwords_project_id":"","beyondwords_podcast_id":"","beyondwords_hash":"","beyondwords_error_message":"","beyondwords_disabled":"","publish_post_to_speechkit":"","speechkit_generate_audio":"","speechkit_project_id":"","speechkit_podcast_id":"","speechkit_hash":"","speechkit_error_message":"","speechkit_disabled":"","speechkit_access_key":"","speechkit_error":"","speechkit_info":"","speechkit_response":"","speechkit_retries":"","_speechkit_link":"","_speechkit_text":""},"categories":[51,78],"tags":[8085,70,12243,294,44,5594,72,1425,236,52,59,79,241],"jetpack_featured_media_url":"https:\/\/pinews.com.br\/wp-content\/uploads\/2023\/02\/policia_civil_do_piaui6.jpg","_links":{"self":[{"href":"https:\/\/pinews.com.br\/index.php\/wp-json\/wp\/v2\/posts\/60592"}],"collection":[{"href":"https:\/\/pinews.com.br\/index.php\/wp-json\/wp\/v2\/posts"}],"about":[{"href":"https:\/\/pinews.com.br\/index.php\/wp-json\/wp\/v2\/types\/post"}],"author":[{"embeddable":true,"href":"https:\/\/pinews.com.br\/index.php\/wp-json\/wp\/v2\/users\/4"}],"replies":[{"embeddable":true,"href":"https:\/\/pinews.com.br\/index.php\/wp-json\/wp\/v2\/comments?post=60592"}],"version-history":[{"count":1,"href":"https:\/\/pinews.com.br\/index.php\/wp-json\/wp\/v2\/posts\/60592\/revisions"}],"predecessor-version":[{"id":60594,"href":"https:\/\/pinews.com.br\/index.php\/wp-json\/wp\/v2\/posts\/60592\/revisions\/60594"}],"wp:featuredmedia":[{"embeddable":true,"href":"https:\/\/pinews.com.br\/index.php\/wp-json\/wp\/v2\/media\/44251"}],"wp:attachment":[{"href":"https:\/\/pinews.com.br\/index.php\/wp-json\/wp\/v2\/media?parent=60592"}],"wp:term":[{"taxonomy":"category","embeddable":true,"href":"https:\/\/pinews.com.br\/index.php\/wp-json\/wp\/v2\/categories?post=60592"},{"taxonomy":"post_tag","embeddable":true,"href":"https:\/\/pinews.com.br\/index.php\/wp-json\/wp\/v2\/tags?post=60592"}],"curies":[{"name":"wp","href":"https:\/\/api.w.org\/{rel}","templated":true}]}}