{"id":60605,"date":"2024-10-17T12:54:31","date_gmt":"2024-10-17T15:54:31","guid":{"rendered":"https:\/\/pinews.com.br\/?p=60605"},"modified":"2024-10-17T12:54:34","modified_gmt":"2024-10-17T15:54:34","slug":"acidente-entre-viatura-da-pm-e-camionete-deixa-policial-ferido-na-pi-113-que-liga-picos-a-santana-do-piaui","status":"publish","type":"post","link":"https:\/\/pinews.com.br\/index.php\/2024\/10\/17\/acidente-entre-viatura-da-pm-e-camionete-deixa-policial-ferido-na-pi-113-que-liga-picos-a-santana-do-piaui\/","title":{"rendered":"Acidente entre viatura da PM e camionete deixa policial ferido na PI-113,  que liga Picos a Santana do Piau\u00ed"},"content":{"rendered":"\n<p>Na manh\u00e3 desta quinta-feira (17), um grave acidente foi registrado na PI-113, que liga Picos a Santana do Piau\u00ed. O local exato do impacto, conhecido como Baixa de Canandu, na zona rural de Santana, foi cen\u00e1rio de uma colis\u00e3o frontal entre uma viatura da Pol\u00edcia Militar e uma camionete modelo D20.<\/p>\n\n\n\n<p>Conforme informa\u00e7\u00f5es obtidas no local, o acidente ocorreu quando a viatura da PM seguia em dire\u00e7\u00e3o a Picos e a D20 vinha na dire\u00e7\u00e3o oposta. Acredita-se que uma falha mec\u00e2nica tenha sido uma das causas, ap\u00f3s uma pe\u00e7a que sustenta o pneu ter sido solta. Ap\u00f3s perder o controle, o ve\u00edculo invadiu a contram\u00e3o e sofreu colis\u00e3o com a viatura policial, que tombou v\u00e1rias vezes.<\/p>\n\n\n\n<p>Marcas de arrasto na pista indicam que a D20 percorreu uma certa dist\u00e2ncia antes de parar. A viatura da PM deslocou-se aproximadamente 40 metros, e o policial foi arremessado para fora do carro. O condutor da D20 saiu ileso, enquanto o policial precisou ser socorrido pelo SAMU. As autoridades investigam o acidente.<\/p>\n\n\n\n<p><strong>Fonte: Nikaelly Silva\/ Cidade Verde <\/strong><\/p>\n","protected":false},"excerpt":{"rendered":"<p>Na manh\u00e3 desta quinta-feira (17), um grave acidente foi registrado na PI-113, que liga Picos a Santana do Piau\u00ed. O local exato do impacto, conhecido como Baixa de Canandu, na zona rural de Santana, foi cen\u00e1rio de uma colis\u00e3o frontal entre uma viatura da Pol\u00edcia Militar e uma camionete modelo D20. Conforme informa\u00e7\u00f5es obtidas no [&hellip;]<\/p>\n","protected":false},"author":4,"featured_media":60606,"comment_status":"open","ping_status":"open","sticky":false,"template":"","format":"standard","meta":{"beyondwords_generate_audio":"","beyondwords_project_id":"","beyondwords_podcast_id":"","beyondwords_hash":"","beyondwords_error_message":"","beyondwords_disabled":"","publish_post_to_speechkit":"","speechkit_generate_audio":"","speechkit_project_id":"","speechkit_podcast_id":"","speechkit_hash":"","speechkit_error_message":"","speechkit_disabled":"","speechkit_access_key":"","speechkit_error":"","speechkit_info":"","speechkit_response":"","speechkit_retries":"","_speechkit_link":"","_speechkit_text":""},"categories":[51,126],"tags":[176,1904,122,252,178,295,9176,91,5336,52,125,313,613,94,415],"jetpack_featured_media_url":"https:\/\/pinews.com.br\/wp-content\/uploads\/2024\/10\/4ef5c8b7730bccd67fcf1c5a5833597b.jpg","_links":{"self":[{"href":"https:\/\/pinews.com.br\/index.php\/wp-json\/wp\/v2\/posts\/60605"}],"collection":[{"href":"https:\/\/pinews.com.br\/index.php\/wp-json\/wp\/v2\/posts"}],"about":[{"href":"https:\/\/pinews.com.br\/index.php\/wp-json\/wp\/v2\/types\/post"}],"author":[{"embeddable":true,"href":"https:\/\/pinews.com.br\/index.php\/wp-json\/wp\/v2\/users\/4"}],"replies":[{"embeddable":true,"href":"https:\/\/pinews.com.br\/index.php\/wp-json\/wp\/v2\/comments?post=60605"}],"version-history":[{"count":1,"href":"https:\/\/pinews.com.br\/index.php\/wp-json\/wp\/v2\/posts\/60605\/revisions"}],"predecessor-version":[{"id":60607,"href":"https:\/\/pinews.com.br\/index.php\/wp-json\/wp\/v2\/posts\/60605\/revisions\/60607"}],"wp:featuredmedia":[{"embeddable":true,"href":"https:\/\/pinews.com.br\/index.php\/wp-json\/wp\/v2\/media\/60606"}],"wp:attachment":[{"href":"https:\/\/pinews.com.br\/index.php\/wp-json\/wp\/v2\/media?parent=60605"}],"wp:term":[{"taxonomy":"category","embeddable":true,"href":"https:\/\/pinews.com.br\/index.php\/wp-json\/wp\/v2\/categories?post=60605"},{"taxonomy":"post_tag","embeddable":true,"href":"https:\/\/pinews.com.br\/index.php\/wp-json\/wp\/v2\/tags?post=60605"}],"curies":[{"name":"wp","href":"https:\/\/api.w.org\/{rel}","templated":true}]}}