{"id":60608,"date":"2024-10-17T13:01:22","date_gmt":"2024-10-17T16:01:22","guid":{"rendered":"https:\/\/pinews.com.br\/?p=60608"},"modified":"2024-10-17T13:01:24","modified_gmt":"2024-10-17T16:01:24","slug":"carreta-carregada-com-bananas-capota-e-condutor-fica-gravemente-ferido-no-piaui","status":"publish","type":"post","link":"https:\/\/pinews.com.br\/index.php\/2024\/10\/17\/carreta-carregada-com-bananas-capota-e-condutor-fica-gravemente-ferido-no-piaui\/","title":{"rendered":"Carreta carregada com bananas capota e condutor fica gravemente ferido no Piau\u00ed"},"content":{"rendered":"\n<p>Uma carreta carregada com bananas capotou na madrugada desta quinta-feira (17), na rodovia BR-316, trecho do munic\u00edpio de Valen\u00e7a do Piau\u00ed.<\/p>\n\n\n\n<h2>MOTORISTA GRAVEMENTE FERIDO<\/h2>\n\n\n\n<p>Segundo informa\u00e7\u00f5es da\u00a0Pol\u00edcia Rodovi\u00e1ria Federal (PRF), o\u00a0condutor do ve\u00edculo, de 41 anos, sofreu\u00a0les\u00f5es graves. Ele foi socorrido por populares e encaminhado ao Hospital Municipal da cidade de Elesb\u00e3o Veloso.\u00a0N\u00e3o h\u00e1 informa\u00e7\u00f5es sobre seu estado de sa\u00fade.<\/p>\n\n\n\n<figure class=\"wp-block-image size-large\"><img decoding=\"async\" loading=\"lazy\" width=\"1024\" height=\"768\" src=\"https:\/\/pinews.com.br\/wp-content\/uploads\/2024\/10\/carreta-carregada-com-bananas-capota-e-condutor-fica-gravemente-ferido-no-piaui-c3c2734a-4dd1-4606-bb18-4ba498f129f6.jpg-1024x768.webp\" alt=\"\" class=\"wp-image-60609\" srcset=\"https:\/\/pinews.com.br\/wp-content\/uploads\/2024\/10\/carreta-carregada-com-bananas-capota-e-condutor-fica-gravemente-ferido-no-piaui-c3c2734a-4dd1-4606-bb18-4ba498f129f6.jpg-1024x768.webp 1024w, https:\/\/pinews.com.br\/wp-content\/uploads\/2024\/10\/carreta-carregada-com-bananas-capota-e-condutor-fica-gravemente-ferido-no-piaui-c3c2734a-4dd1-4606-bb18-4ba498f129f6.jpg-300x225.webp 300w, https:\/\/pinews.com.br\/wp-content\/uploads\/2024\/10\/carreta-carregada-com-bananas-capota-e-condutor-fica-gravemente-ferido-no-piaui-c3c2734a-4dd1-4606-bb18-4ba498f129f6.jpg-768x576.webp 768w, https:\/\/pinews.com.br\/wp-content\/uploads\/2024\/10\/carreta-carregada-com-bananas-capota-e-condutor-fica-gravemente-ferido-no-piaui-c3c2734a-4dd1-4606-bb18-4ba498f129f6.jpg-860x645.webp 860w, https:\/\/pinews.com.br\/wp-content\/uploads\/2024\/10\/carreta-carregada-com-bananas-capota-e-condutor-fica-gravemente-ferido-no-piaui-c3c2734a-4dd1-4606-bb18-4ba498f129f6.jpg.webp 1280w\" sizes=\"(max-width: 1024px) 100vw, 1024px\" \/><figcaption class=\"wp-element-caption\">Carreta carregada com bananas capota e condutor fica gravemente ferido no Piau\u00ed &#8211; Foto: Divulga\u00e7\u00e3o\/PRF<\/figcaption><\/figure>\n\n\n\n<h2>DIN\u00c2MICA SENDO ANALISADA<\/h2>\n\n\n\n<p>A PRF informou que a\u00a0din\u00e2mica do acidente est\u00e1 em an\u00e1lise\u00a0e a causa presum\u00edvel teria sido a aus\u00eancia de rea\u00e7\u00e3o do condutor. A via ficou parcialmente interditada, j\u00e1 que a carga de bananas ficou espalhada sobre a pista.<\/p>\n\n\n\n<p><strong>Fonte: Meio News <\/strong><\/p>\n","protected":false},"excerpt":{"rendered":"<p>Uma carreta carregada com bananas capotou na madrugada desta quinta-feira (17), na rodovia BR-316, trecho do munic\u00edpio de Valen\u00e7a do Piau\u00ed. MOTORISTA GRAVEMENTE FERIDO Segundo informa\u00e7\u00f5es da\u00a0Pol\u00edcia Rodovi\u00e1ria Federal (PRF), o\u00a0condutor do ve\u00edculo, de 41 anos, sofreu\u00a0les\u00f5es graves. Ele foi socorrido por populares e encaminhado ao Hospital Municipal da cidade de Elesb\u00e3o Veloso.\u00a0N\u00e3o h\u00e1 informa\u00e7\u00f5es [&hellip;]<\/p>\n","protected":false},"author":4,"featured_media":60610,"comment_status":"open","ping_status":"open","sticky":false,"template":"","format":"standard","meta":{"beyondwords_generate_audio":"","beyondwords_project_id":"","beyondwords_podcast_id":"","beyondwords_hash":"","beyondwords_error_message":"","beyondwords_disabled":"","publish_post_to_speechkit":"","speechkit_generate_audio":"","speechkit_project_id":"","speechkit_podcast_id":"","speechkit_hash":"","speechkit_error_message":"","speechkit_disabled":"","speechkit_access_key":"","speechkit_error":"","speechkit_info":"","speechkit_response":"","speechkit_retries":"","_speechkit_link":"","_speechkit_text":""},"categories":[51],"tags":[6272,868,5338,448,1872,295,160,812,52],"jetpack_featured_media_url":"https:\/\/pinews.com.br\/wp-content\/uploads\/2024\/10\/carreta-carregada-com-bananas-capota-e-condutor-fica-gravemente-ferido-no-piaui-8e0b36c3-7cf9-4096-8de8-db70b7b80a7d.jpg.webp","_links":{"self":[{"href":"https:\/\/pinews.com.br\/index.php\/wp-json\/wp\/v2\/posts\/60608"}],"collection":[{"href":"https:\/\/pinews.com.br\/index.php\/wp-json\/wp\/v2\/posts"}],"about":[{"href":"https:\/\/pinews.com.br\/index.php\/wp-json\/wp\/v2\/types\/post"}],"author":[{"embeddable":true,"href":"https:\/\/pinews.com.br\/index.php\/wp-json\/wp\/v2\/users\/4"}],"replies":[{"embeddable":true,"href":"https:\/\/pinews.com.br\/index.php\/wp-json\/wp\/v2\/comments?post=60608"}],"version-history":[{"count":1,"href":"https:\/\/pinews.com.br\/index.php\/wp-json\/wp\/v2\/posts\/60608\/revisions"}],"predecessor-version":[{"id":60611,"href":"https:\/\/pinews.com.br\/index.php\/wp-json\/wp\/v2\/posts\/60608\/revisions\/60611"}],"wp:featuredmedia":[{"embeddable":true,"href":"https:\/\/pinews.com.br\/index.php\/wp-json\/wp\/v2\/media\/60610"}],"wp:attachment":[{"href":"https:\/\/pinews.com.br\/index.php\/wp-json\/wp\/v2\/media?parent=60608"}],"wp:term":[{"taxonomy":"category","embeddable":true,"href":"https:\/\/pinews.com.br\/index.php\/wp-json\/wp\/v2\/categories?post=60608"},{"taxonomy":"post_tag","embeddable":true,"href":"https:\/\/pinews.com.br\/index.php\/wp-json\/wp\/v2\/tags?post=60608"}],"curies":[{"name":"wp","href":"https:\/\/api.w.org\/{rel}","templated":true}]}}