{"id":60732,"date":"2024-10-25T19:31:25","date_gmt":"2024-10-25T22:31:25","guid":{"rendered":"https:\/\/pinews.com.br\/?p=60732"},"modified":"2024-10-25T19:31:27","modified_gmt":"2024-10-25T22:31:27","slug":"aneel-reduz-para-amarela-bandeira-tarifaria-de-energia-em-novembro","status":"publish","type":"post","link":"https:\/\/pinews.com.br\/index.php\/2024\/10\/25\/aneel-reduz-para-amarela-bandeira-tarifaria-de-energia-em-novembro\/","title":{"rendered":"Aneel reduz para amarela bandeira tarif\u00e1ria de energia em novembro"},"content":{"rendered":"\n<p>Ap\u00f3s dois meses no n\u00edvel vermelho, a bandeira tarif\u00e1ria para novembro ser\u00e1 amarela, com cobran\u00e7a extra de R$ 1,885 na conta de luz para cada 100 quilowatts-hora (kWh) de energia el\u00e9trica consumidos. A Ag\u00eancia Nacional de Energia El\u00e9trica (Aneel) reduziu a bandeira tarif\u00e1ria.<img decoding=\"async\" src=\"https:\/\/agenciabrasil.ebc.com.br\/ebc.png?id=1617018&amp;o=node\"><img decoding=\"async\" src=\"https:\/\/agenciabrasil.ebc.com.br\/ebc.gif?id=1617018&amp;o=node\"><\/p>\n\n\n\n<p>Em outubro, a bandeira estava no n\u00edvel vermelho patamar 2, a mais cara de todas, com a cobran\u00e7a de R$ 7,877 por 100 kWh. Desde agosto de 2021 que a tarifa mais alta n\u00e3o era acionada.<\/p>\n\n\n\n<p>Segundo a Aneel, um dos fatores que determinaram a redu\u00e7\u00e3o da bandeira tarif\u00e1ria para amarela foi a melhoria nas condi\u00e7\u00f5es de gera\u00e7\u00e3o de energia no pa\u00eds. A ag\u00eancia reguladora, no entanto, informou que a previs\u00e3o de chuvas e de vaz\u00f5es nas regi\u00f5es das hidrel\u00e9tricas continua abaixo da m\u00e9dia, o que justifica o acionamento da bandeira tarif\u00e1ria para cobrir os custos da gera\u00e7\u00e3o termel\u00e9trica para atender \u00e0s necessidades dos consumidores.<\/p>\n\n\n\n<p>Uma sequ\u00eancia de bandeiras verdes, sem a cobran\u00e7a de tarifas extras, foi iniciada em abril de 2022. A s\u00e9rie foi interrompida em julho deste ano, com a bandeira amarela, seguida da bandeira verde em agosto, e da vermelha patamar 1, em setembro. Com as ondas de calor e as fortes secas no in\u00edcio do segundo semestre, a Aneel acionou a bandeira vermelha patamar 2 em outubro.<\/p>\n\n\n\n<h2>Bandeiras tarif\u00e1rias<\/h2>\n\n\n\n<p>Criadas em 2015 pela Aneel, as&nbsp;<a href=\"https:\/\/agenciabrasil.ebc.com.br\/economia\/noticia\/2021-09\/agencia-brasil-explica-como-funciona-nova-bandeira-tarifaria-de-luz\" target=\"_blank\" rel=\"noreferrer noopener\">bandeiras tarif\u00e1rias<\/a>&nbsp;refletem os custos vari\u00e1veis da gera\u00e7\u00e3o de energia el\u00e9trica. Divididas em n\u00edveis, as bandeiras indicam quanto est\u00e1 custando para o Sistema Interligado Nacional (SIN) gerar a energia usada nas casas, em estabelecimentos comerciais e nas ind\u00fastrias.<\/p>\n\n\n\n<p>Quando a conta de luz \u00e9 calculada pela bandeira verde, n\u00e3o h\u00e1 nenhum acr\u00e9scimo. Quando s\u00e3o aplicadas as bandeiras vermelha ou amarela, a conta sofre acr\u00e9scimos de R$ 1,885 (bandeira amarela), R$ 4,463 (bandeira vermelha patamar 1) e R$ 7,877 (bandeira vermelha patamar 2) a cada 100 quilowatts-hora (kWh) consumidos. De setembro de 2021 a 15 de abril de 2022, vigorou uma bandeira de escassez h\u00eddrica de R$ 14,20 extras a cada 100 kWh.<\/p>\n\n\n\n<p>O SIN \u00e9 dividido em quatro subsistemas: Sudeste\/Centro-Oeste, Sul, Nordeste e Norte. Praticamente todo o pa\u00eds \u00e9 coberto pelo SIN, \u00e0 exce\u00e7\u00e3o de&nbsp;algumas partes de estados da Regi\u00e3o Norte e de Mato Grosso, al\u00e9m de todo o estado de Roraima. Atualmente, h\u00e1 212 localidades isoladas do SIN, nas quais o consumo \u00e9 baixo e representa menos de 1% da carga total do pa\u00eds. A demanda por energia nessas regi\u00f5es \u00e9 suprida, principalmente, por t\u00e9rmicas a \u00f3leo diesel.<\/p>\n\n\n\n<p>Segundo a Aneel, as bandeiras permitem ao consumidor um papel mais ativo na defini\u00e7\u00e3o de sua conta de energia. \u201cAo saber, por exemplo, que a bandeira est\u00e1 vermelha, o consumidor pode adaptar seu consumo para ajudar a reduzir o valor da conta&#8221;, avalia a ag\u00eancia.<\/p>\n\n\n\n<p><strong>Fonte: Ag\u00eancia Brasil <\/strong><\/p>\n","protected":false},"excerpt":{"rendered":"<p>Ap\u00f3s dois meses no n\u00edvel vermelho, a bandeira tarif\u00e1ria para novembro ser\u00e1 amarela, com cobran\u00e7a extra de R$ 1,885 na conta de luz para cada 100 quilowatts-hora (kWh) de energia el\u00e9trica consumidos. A Ag\u00eancia Nacional de Energia El\u00e9trica (Aneel) reduziu a bandeira tarif\u00e1ria. Em outubro, a bandeira estava no n\u00edvel vermelho patamar 2, a mais [&hellip;]<\/p>\n","protected":false},"author":4,"featured_media":60733,"comment_status":"open","ping_status":"open","sticky":false,"template":"","format":"standard","meta":{"beyondwords_generate_audio":"","beyondwords_project_id":"","beyondwords_podcast_id":"","beyondwords_hash":"","beyondwords_error_message":"","beyondwords_disabled":"","publish_post_to_speechkit":"","speechkit_generate_audio":"","speechkit_project_id":"","speechkit_podcast_id":"","speechkit_hash":"","speechkit_error_message":"","speechkit_disabled":"","speechkit_access_key":"","speechkit_error":"","speechkit_info":"","speechkit_response":"","speechkit_retries":"","_speechkit_link":"","_speechkit_text":""},"categories":[516,134],"tags":[7400,6705,7401,44,46,1976,3575,350,5829,8436],"jetpack_featured_media_url":"https:\/\/pinews.com.br\/wp-content\/uploads\/2024\/10\/energia_eletrica_interruptor_de_luz_energia070720211247.webp","_links":{"self":[{"href":"https:\/\/pinews.com.br\/index.php\/wp-json\/wp\/v2\/posts\/60732"}],"collection":[{"href":"https:\/\/pinews.com.br\/index.php\/wp-json\/wp\/v2\/posts"}],"about":[{"href":"https:\/\/pinews.com.br\/index.php\/wp-json\/wp\/v2\/types\/post"}],"author":[{"embeddable":true,"href":"https:\/\/pinews.com.br\/index.php\/wp-json\/wp\/v2\/users\/4"}],"replies":[{"embeddable":true,"href":"https:\/\/pinews.com.br\/index.php\/wp-json\/wp\/v2\/comments?post=60732"}],"version-history":[{"count":1,"href":"https:\/\/pinews.com.br\/index.php\/wp-json\/wp\/v2\/posts\/60732\/revisions"}],"predecessor-version":[{"id":60734,"href":"https:\/\/pinews.com.br\/index.php\/wp-json\/wp\/v2\/posts\/60732\/revisions\/60734"}],"wp:featuredmedia":[{"embeddable":true,"href":"https:\/\/pinews.com.br\/index.php\/wp-json\/wp\/v2\/media\/60733"}],"wp:attachment":[{"href":"https:\/\/pinews.com.br\/index.php\/wp-json\/wp\/v2\/media?parent=60732"}],"wp:term":[{"taxonomy":"category","embeddable":true,"href":"https:\/\/pinews.com.br\/index.php\/wp-json\/wp\/v2\/categories?post=60732"},{"taxonomy":"post_tag","embeddable":true,"href":"https:\/\/pinews.com.br\/index.php\/wp-json\/wp\/v2\/tags?post=60732"}],"curies":[{"name":"wp","href":"https:\/\/api.w.org\/{rel}","templated":true}]}}