{"id":60745,"date":"2024-10-27T19:13:32","date_gmt":"2024-10-27T22:13:32","guid":{"rendered":"https:\/\/pinews.com.br\/?p=60745"},"modified":"2024-10-27T19:13:34","modified_gmt":"2024-10-27T22:13:34","slug":"cabine-de-caminhao-incendeia-em-frente-a-posto-da-prf-de-picos","status":"publish","type":"post","link":"https:\/\/pinews.com.br\/index.php\/2024\/10\/27\/cabine-de-caminhao-incendeia-em-frente-a-posto-da-prf-de-picos\/","title":{"rendered":"Cabine de caminh\u00e3o incendeia em frente a posto da PRF de Picos"},"content":{"rendered":"\n<p>Na tarde deste domingo (27) a cabine de um caminh\u00e3o pegou fogo em frente ao posto da Pol\u00edcia Rodovi\u00e1ria Federal (PRF), no munic\u00edpio de Picos-PI. Apesar do incidente, n\u00e3o houve feridos, somente danos materiais.<\/p>\n\n\n\n<p>Segundo informa\u00e7\u00f5es da PRF, o condutor do caminh\u00e3o parou na faixa lateral da BR-316 para pedir ajuda no posto, pois o ve\u00edculo j\u00e1 estava apresentando uma fuma\u00e7a embaixo da boleia.<\/p>\n\n\n\n<p>Ainda n\u00e3o se tem informa\u00e7\u00f5es sobre a causa do inc\u00eandio. O Corpo de Bombeiros de Picos foi acionado para conter as chamas que consumiram toda a cabine.\u00a0<\/p>\n\n\n\n<figure class=\"wp-block-image\"><img decoding=\"async\" src=\"https:\/\/cidadeverde.com\/assets\/uploads\/noticias\/d8f38bfc9faf4737e1d5c5644b9fdb49.jpg\" alt=\"\"\/><figcaption class=\"wp-element-caption\">Foto: Reprodu\u00e7\u00e3o\/ WhatsApp<\/figcaption><\/figure>\n\n\n\n<p><strong>Fonte: Paula Monize\/ Cidade Verde <\/strong><\/p>\n","protected":false},"excerpt":{"rendered":"<p>Na tarde deste domingo (27) a cabine de um caminh\u00e3o pegou fogo em frente ao posto da Pol\u00edcia Rodovi\u00e1ria Federal (PRF), no munic\u00edpio de Picos-PI. Apesar do incidente, n\u00e3o houve feridos, somente danos materiais. Segundo informa\u00e7\u00f5es da PRF, o condutor do caminh\u00e3o parou na faixa lateral da BR-316 para pedir ajuda no posto, pois o [&hellip;]<\/p>\n","protected":false},"author":4,"featured_media":60746,"comment_status":"open","ping_status":"open","sticky":false,"template":"","format":"standard","meta":{"beyondwords_generate_audio":"","beyondwords_project_id":"","beyondwords_podcast_id":"","beyondwords_hash":"","beyondwords_error_message":"","beyondwords_disabled":"","publish_post_to_speechkit":"","speechkit_generate_audio":"","speechkit_project_id":"","speechkit_podcast_id":"","speechkit_hash":"","speechkit_error_message":"","speechkit_disabled":"","speechkit_access_key":"","speechkit_error":"","speechkit_info":"","speechkit_response":"","speechkit_retries":"","_speechkit_link":"","_speechkit_text":""},"categories":[51,126],"tags":[874,188,122,44,46,480,8824,125,1593,104],"jetpack_featured_media_url":"https:\/\/pinews.com.br\/wp-content\/uploads\/2024\/10\/9a73dfb5e4d355a0740695a7ef803f2c.jpg","_links":{"self":[{"href":"https:\/\/pinews.com.br\/index.php\/wp-json\/wp\/v2\/posts\/60745"}],"collection":[{"href":"https:\/\/pinews.com.br\/index.php\/wp-json\/wp\/v2\/posts"}],"about":[{"href":"https:\/\/pinews.com.br\/index.php\/wp-json\/wp\/v2\/types\/post"}],"author":[{"embeddable":true,"href":"https:\/\/pinews.com.br\/index.php\/wp-json\/wp\/v2\/users\/4"}],"replies":[{"embeddable":true,"href":"https:\/\/pinews.com.br\/index.php\/wp-json\/wp\/v2\/comments?post=60745"}],"version-history":[{"count":1,"href":"https:\/\/pinews.com.br\/index.php\/wp-json\/wp\/v2\/posts\/60745\/revisions"}],"predecessor-version":[{"id":60747,"href":"https:\/\/pinews.com.br\/index.php\/wp-json\/wp\/v2\/posts\/60745\/revisions\/60747"}],"wp:featuredmedia":[{"embeddable":true,"href":"https:\/\/pinews.com.br\/index.php\/wp-json\/wp\/v2\/media\/60746"}],"wp:attachment":[{"href":"https:\/\/pinews.com.br\/index.php\/wp-json\/wp\/v2\/media?parent=60745"}],"wp:term":[{"taxonomy":"category","embeddable":true,"href":"https:\/\/pinews.com.br\/index.php\/wp-json\/wp\/v2\/categories?post=60745"},{"taxonomy":"post_tag","embeddable":true,"href":"https:\/\/pinews.com.br\/index.php\/wp-json\/wp\/v2\/tags?post=60745"}],"curies":[{"name":"wp","href":"https:\/\/api.w.org\/{rel}","templated":true}]}}