{"id":60757,"date":"2024-10-28T13:35:36","date_gmt":"2024-10-28T16:35:36","guid":{"rendered":"https:\/\/pinews.com.br\/?p=60757"},"modified":"2024-10-28T13:35:38","modified_gmt":"2024-10-28T16:35:38","slug":"colisao-entre-carros-deixa-cinco-pessoas-gravemente-feridas-na-br-343-no-piaui","status":"publish","type":"post","link":"https:\/\/pinews.com.br\/index.php\/2024\/10\/28\/colisao-entre-carros-deixa-cinco-pessoas-gravemente-feridas-na-br-343-no-piaui\/","title":{"rendered":"Colis\u00e3o entre carros deixa cinco pessoas gravemente feridas na BR 343 no Piau\u00ed"},"content":{"rendered":"\n<p>Cinco pessoas ficaram gravemente feridas ap\u00f3s colis\u00e3o entre dois carros na noite de domingo (27) na BR 343, no trecho que liga Teresina a Altos.<\/p>\n\n\n\n<p>A Pol\u00edcia Rodovi\u00e1ria Federal (PRF-PI) informou que foi acionada por volta das 20h45 ap\u00f3s uma colis\u00e3o transversal entre dois carros na capital.<\/p>\n\n\n\n<p>Em um ve\u00edculo estava um homem de 54 anos. No outro carro estavam quatro pessoas, sendo o motorista de 37 anos, duas mulheres de 52 e 26 anos, e um jovem de 25 anos. Todos ficaram com les\u00f5es graves, foram socorridos e encaminhados para o Hospital de Urg\u00eancia de Teresina (HUT).<\/p>\n\n\n\n<p>Segundo a PRF, os dois ve\u00edculos estavam transitando no mesmo sentido, quando um dos carros realizou uma manobra de convers\u00e3o \u00e0 esquerda. O ve\u00edculo que vinha atr\u00e1s acabou ent\u00e3o colidindo com o outro carro.<\/p>\n\n\n\n<p>Os condutores do ve\u00edculo fizeram teste de alcoolemia que deram negativo para ingest\u00e3o de \u00e1lcool.<\/p>\n\n\n\n<p><strong>Fonte: B\u00e1rbara Rodrigues\/ Cidade Verde <\/strong><\/p>\n","protected":false},"excerpt":{"rendered":"<p>Cinco pessoas ficaram gravemente feridas ap\u00f3s colis\u00e3o entre dois carros na noite de domingo (27) na BR 343, no trecho que liga Teresina a Altos. A Pol\u00edcia Rodovi\u00e1ria Federal (PRF-PI) informou que foi acionada por volta das 20h45 ap\u00f3s uma colis\u00e3o transversal entre dois carros na capital. Em um ve\u00edculo estava um homem de 54 [&hellip;]<\/p>\n","protected":false},"author":4,"featured_media":60758,"comment_status":"open","ping_status":"open","sticky":false,"template":"","format":"standard","meta":{"beyondwords_generate_audio":"","beyondwords_project_id":"","beyondwords_podcast_id":"","beyondwords_hash":"","beyondwords_error_message":"","beyondwords_disabled":"","publish_post_to_speechkit":"","speechkit_generate_audio":"","speechkit_project_id":"","speechkit_podcast_id":"","speechkit_hash":"","speechkit_error_message":"","speechkit_disabled":"","speechkit_access_key":"","speechkit_error":"","speechkit_info":"","speechkit_response":"","speechkit_retries":"","_speechkit_link":"","_speechkit_text":""},"categories":[51,81],"tags":[5563,403,1086,490,256,252,178,257,812,91,259,52],"jetpack_featured_media_url":"https:\/\/pinews.com.br\/wp-content\/uploads\/2024\/10\/7f2f4a7b8fcfdae9f9ccead6edf4daf3.jpg","_links":{"self":[{"href":"https:\/\/pinews.com.br\/index.php\/wp-json\/wp\/v2\/posts\/60757"}],"collection":[{"href":"https:\/\/pinews.com.br\/index.php\/wp-json\/wp\/v2\/posts"}],"about":[{"href":"https:\/\/pinews.com.br\/index.php\/wp-json\/wp\/v2\/types\/post"}],"author":[{"embeddable":true,"href":"https:\/\/pinews.com.br\/index.php\/wp-json\/wp\/v2\/users\/4"}],"replies":[{"embeddable":true,"href":"https:\/\/pinews.com.br\/index.php\/wp-json\/wp\/v2\/comments?post=60757"}],"version-history":[{"count":1,"href":"https:\/\/pinews.com.br\/index.php\/wp-json\/wp\/v2\/posts\/60757\/revisions"}],"predecessor-version":[{"id":60759,"href":"https:\/\/pinews.com.br\/index.php\/wp-json\/wp\/v2\/posts\/60757\/revisions\/60759"}],"wp:featuredmedia":[{"embeddable":true,"href":"https:\/\/pinews.com.br\/index.php\/wp-json\/wp\/v2\/media\/60758"}],"wp:attachment":[{"href":"https:\/\/pinews.com.br\/index.php\/wp-json\/wp\/v2\/media?parent=60757"}],"wp:term":[{"taxonomy":"category","embeddable":true,"href":"https:\/\/pinews.com.br\/index.php\/wp-json\/wp\/v2\/categories?post=60757"},{"taxonomy":"post_tag","embeddable":true,"href":"https:\/\/pinews.com.br\/index.php\/wp-json\/wp\/v2\/tags?post=60757"}],"curies":[{"name":"wp","href":"https:\/\/api.w.org\/{rel}","templated":true}]}}