{"id":60769,"date":"2024-10-28T19:01:33","date_gmt":"2024-10-28T22:01:33","guid":{"rendered":"https:\/\/pinews.com.br\/?p=60769"},"modified":"2024-10-28T19:01:35","modified_gmt":"2024-10-28T22:01:35","slug":"homem-e-morto-a-golpes-de-enxada-no-sul-do-piaui-suspeito-e-preso-apos-tentativa-de-linchamento","status":"publish","type":"post","link":"https:\/\/pinews.com.br\/index.php\/2024\/10\/28\/homem-e-morto-a-golpes-de-enxada-no-sul-do-piaui-suspeito-e-preso-apos-tentativa-de-linchamento\/","title":{"rendered":"Homem \u00e9 morto a golpes de enxada no Sul do Piau\u00ed; suspeito \u00e9 preso ap\u00f3s tentativa de linchamento"},"content":{"rendered":"\n<p>Um homem identificado como C\u00e9sar Ferreira dos Santos, conhecido como \u201cBich\u00e3o\u201d, de 48 anos, foi morto com golpes de enxada na noite de s\u00e1bado (26\/10), no Povoado Maristela, no munic\u00edpio de Jurema, no Sul do Piau\u00ed.<\/p>\n\n\n\n<p>De acordo com a Pol\u00edcia Militar, a equipe foi acionada ap\u00f3s uma den\u00fancia de homic\u00eddio no local. Os policiais encontraram a v\u00edtima com graves les\u00f5es na regi\u00e3o do cr\u00e2nio. Populares informaram que C\u00e9sar estava em companhia de Jord\u00e3o da Rocha Dias, de 38 anos, que foi visto fugindo em dire\u00e7\u00e3o ao Povoado Fidalgo, segurando uma enxada.<\/p>\n\n\n\n<p>Moradores tentaram linchar Jord\u00e3o ao descobrirem sua suposta liga\u00e7\u00e3o com o crime, mas a pol\u00edcia chegou a tempo, conteve as agress\u00f5es e prendeu o suspeito. Ele foi levado para a delegacia de S\u00e3o Raimundo Nonato, onde os procedimentos cab\u00edveis ser\u00e3o tomados. O Instituto M\u00e9dico Legal (IML) foi acionado para a remo\u00e7\u00e3o do corpo e demais procedimentos.<\/p>\n\n\n\n<p><strong>Fonte: 180 graus <\/strong><\/p>\n","protected":false},"excerpt":{"rendered":"<p>Um homem identificado como C\u00e9sar Ferreira dos Santos, conhecido como \u201cBich\u00e3o\u201d, de 48 anos, foi morto com golpes de enxada na noite de s\u00e1bado (26\/10), no Povoado Maristela, no munic\u00edpio de Jurema, no Sul do Piau\u00ed. De acordo com a Pol\u00edcia Militar, a equipe foi acionada ap\u00f3s uma den\u00fancia de homic\u00eddio no local. Os policiais [&hellip;]<\/p>\n","protected":false},"author":4,"featured_media":47773,"comment_status":"open","ping_status":"open","sticky":false,"template":"","format":"standard","meta":{"beyondwords_generate_audio":"","beyondwords_project_id":"","beyondwords_podcast_id":"","beyondwords_hash":"","beyondwords_error_message":"","beyondwords_disabled":"","publish_post_to_speechkit":"","speechkit_generate_audio":"","speechkit_project_id":"","speechkit_podcast_id":"","speechkit_hash":"","speechkit_error_message":"","speechkit_disabled":"","speechkit_access_key":"","speechkit_error":"","speechkit_info":"","speechkit_response":"","speechkit_retries":"","_speechkit_link":"","_speechkit_text":""},"categories":[51,78],"tags":[70,44,72,7620,83,84,5631,197,52,79,120,130,164],"jetpack_featured_media_url":"https:\/\/pinews.com.br\/wp-content\/uploads\/2023\/04\/iml_teresina_014.webp","_links":{"self":[{"href":"https:\/\/pinews.com.br\/index.php\/wp-json\/wp\/v2\/posts\/60769"}],"collection":[{"href":"https:\/\/pinews.com.br\/index.php\/wp-json\/wp\/v2\/posts"}],"about":[{"href":"https:\/\/pinews.com.br\/index.php\/wp-json\/wp\/v2\/types\/post"}],"author":[{"embeddable":true,"href":"https:\/\/pinews.com.br\/index.php\/wp-json\/wp\/v2\/users\/4"}],"replies":[{"embeddable":true,"href":"https:\/\/pinews.com.br\/index.php\/wp-json\/wp\/v2\/comments?post=60769"}],"version-history":[{"count":1,"href":"https:\/\/pinews.com.br\/index.php\/wp-json\/wp\/v2\/posts\/60769\/revisions"}],"predecessor-version":[{"id":60770,"href":"https:\/\/pinews.com.br\/index.php\/wp-json\/wp\/v2\/posts\/60769\/revisions\/60770"}],"wp:featuredmedia":[{"embeddable":true,"href":"https:\/\/pinews.com.br\/index.php\/wp-json\/wp\/v2\/media\/47773"}],"wp:attachment":[{"href":"https:\/\/pinews.com.br\/index.php\/wp-json\/wp\/v2\/media?parent=60769"}],"wp:term":[{"taxonomy":"category","embeddable":true,"href":"https:\/\/pinews.com.br\/index.php\/wp-json\/wp\/v2\/categories?post=60769"},{"taxonomy":"post_tag","embeddable":true,"href":"https:\/\/pinews.com.br\/index.php\/wp-json\/wp\/v2\/tags?post=60769"}],"curies":[{"name":"wp","href":"https:\/\/api.w.org\/{rel}","templated":true}]}}