{"id":60883,"date":"2024-11-03T21:16:17","date_gmt":"2024-11-04T00:16:17","guid":{"rendered":"https:\/\/pinews.com.br\/?p=60883"},"modified":"2024-11-03T21:16:20","modified_gmt":"2024-11-04T00:16:20","slug":"homem-e-encontrado-morto-com-lesoes-na-cabeca-em-avenida-no-piaui-pericia-suspeita-de-acidente","status":"publish","type":"post","link":"https:\/\/pinews.com.br\/index.php\/2024\/11\/03\/homem-e-encontrado-morto-com-lesoes-na-cabeca-em-avenida-no-piaui-pericia-suspeita-de-acidente\/","title":{"rendered":"Homem \u00e9 encontrado morto com les\u00f5es na cabe\u00e7a em avenida no Piau\u00ed; per\u00edcia suspeita de acidente"},"content":{"rendered":"\n<p>Um homem, ainda n\u00e3o identificado, foi encontrado morto com les\u00f5es na cabe\u00e7a ao lado de uma bicicleta na manh\u00e3 deste domingo (3) no munic\u00edpio de Parna\u00edba, litoral do Piau\u00ed. A principal suspeita \u00e9 que a v\u00edtima tenha ca\u00eddo da bicicleta e sofrido um impacto na cabe\u00e7a.<\/p>\n\n\n\n<p>De acordo com a Pol\u00edcia Militar, uma guarni\u00e7\u00e3o que passava pelo local foi acionada por um popular que relatou ter avistado um corpo ca\u00eddo em uma avenida. Ao chegarem, as equipes do Servi\u00e7o de Atendimento M\u00f3vel de Urg\u00eancia (Samu) j\u00e1 haviam constatado o \u00f3bito do homem e acionado o Instituto M\u00e9dico Legal (IML).<\/p>\n\n\n\n<p>Com a chegada do IML, foi poss\u00edvel identificar les\u00f5es na regi\u00e3o da cabe\u00e7a da v\u00edtima, mas sem evid\u00eancias de homic\u00eddio.<\/p>\n\n\n\n<p>Segundo a per\u00edcia, a principal hip\u00f3tese \u00e9 de um acidente em que a v\u00edtima teria ca\u00eddo da bicicleta e batido a cabe\u00e7a no cal\u00e7amento da rua onde trafegava.<\/p>\n\n\n\n<p><strong>Fonte: Rebeca Lima\/ Cidade Verde <\/strong><\/p>\n","protected":false},"excerpt":{"rendered":"<p>Um homem, ainda n\u00e3o identificado, foi encontrado morto com les\u00f5es na cabe\u00e7a ao lado de uma bicicleta na manh\u00e3 deste domingo (3) no munic\u00edpio de Parna\u00edba, litoral do Piau\u00ed. A principal suspeita \u00e9 que a v\u00edtima tenha ca\u00eddo da bicicleta e sofrido um impacto na cabe\u00e7a. De acordo com a Pol\u00edcia Militar, uma guarni\u00e7\u00e3o que [&hellip;]<\/p>\n","protected":false},"author":4,"featured_media":60884,"comment_status":"open","ping_status":"open","sticky":false,"template":"","format":"standard","meta":{"beyondwords_generate_audio":"","beyondwords_project_id":"","beyondwords_podcast_id":"","beyondwords_hash":"","beyondwords_error_message":"","beyondwords_disabled":"","publish_post_to_speechkit":"","speechkit_generate_audio":"","speechkit_project_id":"","speechkit_podcast_id":"","speechkit_hash":"","speechkit_error_message":"","speechkit_disabled":"","speechkit_access_key":"","speechkit_error":"","speechkit_info":"","speechkit_response":"","speechkit_retries":"","_speechkit_link":"","_speechkit_text":""},"categories":[51,78],"tags":[176,1091,750,44,72,46,200,84,9341,197,91,5569,52,473],"jetpack_featured_media_url":"https:\/\/pinews.com.br\/wp-content\/uploads\/2024\/11\/WhatsApp_Image_2024-11-03_at_12_13_11_EDITY.jpg","_links":{"self":[{"href":"https:\/\/pinews.com.br\/index.php\/wp-json\/wp\/v2\/posts\/60883"}],"collection":[{"href":"https:\/\/pinews.com.br\/index.php\/wp-json\/wp\/v2\/posts"}],"about":[{"href":"https:\/\/pinews.com.br\/index.php\/wp-json\/wp\/v2\/types\/post"}],"author":[{"embeddable":true,"href":"https:\/\/pinews.com.br\/index.php\/wp-json\/wp\/v2\/users\/4"}],"replies":[{"embeddable":true,"href":"https:\/\/pinews.com.br\/index.php\/wp-json\/wp\/v2\/comments?post=60883"}],"version-history":[{"count":1,"href":"https:\/\/pinews.com.br\/index.php\/wp-json\/wp\/v2\/posts\/60883\/revisions"}],"predecessor-version":[{"id":60885,"href":"https:\/\/pinews.com.br\/index.php\/wp-json\/wp\/v2\/posts\/60883\/revisions\/60885"}],"wp:featuredmedia":[{"embeddable":true,"href":"https:\/\/pinews.com.br\/index.php\/wp-json\/wp\/v2\/media\/60884"}],"wp:attachment":[{"href":"https:\/\/pinews.com.br\/index.php\/wp-json\/wp\/v2\/media?parent=60883"}],"wp:term":[{"taxonomy":"category","embeddable":true,"href":"https:\/\/pinews.com.br\/index.php\/wp-json\/wp\/v2\/categories?post=60883"},{"taxonomy":"post_tag","embeddable":true,"href":"https:\/\/pinews.com.br\/index.php\/wp-json\/wp\/v2\/tags?post=60883"}],"curies":[{"name":"wp","href":"https:\/\/api.w.org\/{rel}","templated":true}]}}