{"id":60941,"date":"2024-11-07T21:06:48","date_gmt":"2024-11-08T00:06:48","guid":{"rendered":"https:\/\/pinews.com.br\/?p=60941"},"modified":"2024-11-07T21:06:51","modified_gmt":"2024-11-08T00:06:51","slug":"gerente-de-locadora-e-preso-suspeito-de-furtar-14-carros-no-piaui-para-vender-em-outros-estados","status":"publish","type":"post","link":"https:\/\/pinews.com.br\/index.php\/2024\/11\/07\/gerente-de-locadora-e-preso-suspeito-de-furtar-14-carros-no-piaui-para-vender-em-outros-estados\/","title":{"rendered":"Gerente de locadora \u00e9 preso suspeito de furtar 14 carros no Piau\u00ed para vender em outros estados"},"content":{"rendered":"\n<p id=\"block-1e312553-42f3-4d8b-a7f0-1a5ad9880f08\">O gerente de uma locadora de ve\u00edculos sediada no Piau\u00ed foi preso hoje (07)&nbsp;suspeito de furtar 14 ve\u00edculos da empresa. Segundo investiga\u00e7\u00e3o do Departamento de Roubo e Furto de Ve\u00edculos (DRFV), ele agia em parceria com outro suspeito que tinha a fun\u00e7\u00e3o de intermediar a venda dos carros. Esse homem tamb\u00e9m foi preso na a\u00e7\u00e3o de hoje.<\/p>\n\n\n\n<p id=\"block-854f0be7-919f-4063-b1b8-55d7a9675b96\">Os crimes foram realizados ao longo de quase dois anos, entre 2023 e 2024. A empresa desconfiou do golpe e acionou a pol\u00edcia. A estimativa da empresa \u00e9 que o golpe tenha gerado um preju\u00edzo de cerca de R$ 1,2 milh\u00e3o.<\/p>\n\n\n\n<p id=\"block-854f0be7-919f-4063-b1b8-55d7a9675b96\">Os crimes foram realizados ao longo de quase dois anos, entre 2023 e 2024. A empresa desconfiou do golpe e acionou a pol\u00edcia. A estimativa da empresa \u00e9 que o golpe tenha gerado um preju\u00edzo de cerca de R$ 1,2 milh\u00e3o.<\/p>\n\n\n\n<p id=\"block-b144571f-f312-4370-bdfd-6e088712adb4\">Os dois homens foram presos nas zonas Sudeste e Leste da Capital. A pol\u00edcia j\u00e1 conseguiu localizar e recuperar 13 dos 14 ve\u00edculos furtados da empresa.<\/p>\n\n\n\n<p id=\"block-3e1d20b9-44c4-45ef-a882-1886c81b800c\">\u201cUm dos presos era o gerente geral da locadora no Piau\u00ed. Ele utilizava da fun\u00e7\u00e3o para inserir dados falsos na empresa de que os ve\u00edculos haviam sa\u00eddo da loja para algum servi\u00e7o, por\u00e9m negociava as vendas dos ve\u00edculos com outras pessoas. O segundo preso atuava como intermediador do gerente. Ele vendia os ve\u00edculos subtra\u00eddos, inclusive para compradores no estado do Maranh\u00e3o\u201d, informou o delegado.<\/p>\n\n\n\n<p id=\"block-aedc2dad-9287-4079-aca0-e899ea75e71c\">A pol\u00edcia segue investigando o caso para verificar a participa\u00e7\u00e3o de outras pessoas, inclusive os compradores dos ve\u00edculos furtados pela dupla e apreendidos pela pol\u00edcia.<\/p>\n\n\n\n<p><strong>Fonte:<\/strong> <strong>Cidade Verde <\/strong><\/p>\n","protected":false},"excerpt":{"rendered":"<p>O gerente de uma locadora de ve\u00edculos sediada no Piau\u00ed foi preso hoje (07)&nbsp;suspeito de furtar 14 ve\u00edculos da empresa. Segundo investiga\u00e7\u00e3o do Departamento de Roubo e Furto de Ve\u00edculos (DRFV), ele agia em parceria com outro suspeito que tinha a fun\u00e7\u00e3o de intermediar a venda dos carros. Esse homem tamb\u00e9m foi preso na a\u00e7\u00e3o [&hellip;]<\/p>\n","protected":false},"author":4,"featured_media":60943,"comment_status":"open","ping_status":"open","sticky":false,"template":"","format":"standard","meta":{"beyondwords_generate_audio":"","beyondwords_project_id":"","beyondwords_podcast_id":"","beyondwords_hash":"","beyondwords_error_message":"","beyondwords_disabled":"","publish_post_to_speechkit":"","speechkit_generate_audio":"","speechkit_project_id":"","speechkit_podcast_id":"","speechkit_hash":"","speechkit_error_message":"","speechkit_disabled":"","speechkit_access_key":"","speechkit_error":"","speechkit_info":"","speechkit_response":"","speechkit_retries":"","_speechkit_link":"","_speechkit_text":""},"categories":[51,78,81],"tags":[827,1086,44,72,46,1271,75,4960,332,5704,350,52,79,130,5364],"jetpack_featured_media_url":"https:\/\/pinews.com.br\/wp-content\/uploads\/2024\/11\/images.jpeg","_links":{"self":[{"href":"https:\/\/pinews.com.br\/index.php\/wp-json\/wp\/v2\/posts\/60941"}],"collection":[{"href":"https:\/\/pinews.com.br\/index.php\/wp-json\/wp\/v2\/posts"}],"about":[{"href":"https:\/\/pinews.com.br\/index.php\/wp-json\/wp\/v2\/types\/post"}],"author":[{"embeddable":true,"href":"https:\/\/pinews.com.br\/index.php\/wp-json\/wp\/v2\/users\/4"}],"replies":[{"embeddable":true,"href":"https:\/\/pinews.com.br\/index.php\/wp-json\/wp\/v2\/comments?post=60941"}],"version-history":[{"count":1,"href":"https:\/\/pinews.com.br\/index.php\/wp-json\/wp\/v2\/posts\/60941\/revisions"}],"predecessor-version":[{"id":60944,"href":"https:\/\/pinews.com.br\/index.php\/wp-json\/wp\/v2\/posts\/60941\/revisions\/60944"}],"wp:featuredmedia":[{"embeddable":true,"href":"https:\/\/pinews.com.br\/index.php\/wp-json\/wp\/v2\/media\/60943"}],"wp:attachment":[{"href":"https:\/\/pinews.com.br\/index.php\/wp-json\/wp\/v2\/media?parent=60941"}],"wp:term":[{"taxonomy":"category","embeddable":true,"href":"https:\/\/pinews.com.br\/index.php\/wp-json\/wp\/v2\/categories?post=60941"},{"taxonomy":"post_tag","embeddable":true,"href":"https:\/\/pinews.com.br\/index.php\/wp-json\/wp\/v2\/tags?post=60941"}],"curies":[{"name":"wp","href":"https:\/\/api.w.org\/{rel}","templated":true}]}}