{"id":60958,"date":"2024-11-08T13:44:21","date_gmt":"2024-11-08T16:44:21","guid":{"rendered":"https:\/\/pinews.com.br\/?p=60958"},"modified":"2024-11-08T13:44:23","modified_gmt":"2024-11-08T16:44:23","slug":"empresario-e-preso-em-hotel-e-morre-em-surto-dentro-da-central-de-flagrantes-de-teresina","status":"publish","type":"post","link":"https:\/\/pinews.com.br\/index.php\/2024\/11\/08\/empresario-e-preso-em-hotel-e-morre-em-surto-dentro-da-central-de-flagrantes-de-teresina\/","title":{"rendered":"Empres\u00e1rio \u00e9 preso em hotel e morre em surto dentro da Central de Flagrantes de Teresina"},"content":{"rendered":"\n<p>Um empres\u00e1rio morreu na madrugada desta sexta-feira (8) dentro de uma cela da Central de Flagrantes de Teresina ap\u00f3s sofrer um surto psic\u00f3tico. A informa\u00e7\u00e3o obtida pelo\u00a0Cidadeverde.com\u00a0\u00e9 que o empres\u00e1rio \u2013 que n\u00e3o teve o nome relevado \u2013 foi preso em flagrante ap\u00f3s bebedeira e confus\u00e3o em um hotel em Teresina.<\/p>\n\n\n\n<p>A dire\u00e7\u00e3o do hotel acionou a pol\u00edcia que o deteve e ele foi conduzido at\u00e9 a Central de Flagrantes. Segundo testemunhas, ao ser preso ele estava completamente descontrolado, gritava e pedia para ser solto. Em alguns momentos, ele chegava a bater a cabe\u00e7a na parede.&nbsp;<\/p>\n\n\n\n<p>O empres\u00e1rio desmaiou e o Samu foi acionado. Ao chegar ao local, a equipe do Samu constatou o \u00f3bito. Logo em seguida, o corpo do empres\u00e1rio foi levado para o IML (Instituto M\u00e9dico Legal).<\/p>\n\n\n\n<p>Em nota, a Pol\u00edcia Civil confirmou o \u00f3bito nas depend\u00eancias da Central de Flagrantes.<\/p>\n\n\n\n<p><strong>Veja o comunicado:<\/strong><\/p>\n\n\n\n<blockquote class=\"wp-block-quote\">\n<p>\u201cA Pol\u00edcia Civil confirma o \u00f3bito de uma pessoa nas depend\u00eancias da Central de Flagrantes na madrugada desta sexta-feira (08), tendo sido tomadas todas as provid\u00eancias necess\u00e1rias quanto aos primeiros atendimentos, assim como realiza\u00e7\u00e3o de exame pelo IML para confirma\u00e7\u00e3o da causa da morte\u201d.<\/p>\n<\/blockquote>\n\n\n\n<p>\u00c9 o segundo \u00f3bito registrado este ano na Central de Flagrantes. M\u00eas passado, um homem que foi preso investigado por agredir a ex-mulher morreu na cela. A pol\u00edcia investigou e apontou que o homem cometeu o suic\u00eddio.\u00a0<\/p>\n\n\n\n<p><strong>Fonte: Yala Sena\/ Cidade Verde <\/strong><\/p>\n","protected":false},"excerpt":{"rendered":"<p>Um empres\u00e1rio morreu na madrugada desta sexta-feira (8) dentro de uma cela da Central de Flagrantes de Teresina ap\u00f3s sofrer um surto psic\u00f3tico. A informa\u00e7\u00e3o obtida pelo\u00a0Cidadeverde.com\u00a0\u00e9 que o empres\u00e1rio \u2013 que n\u00e3o teve o nome relevado \u2013 foi preso em flagrante ap\u00f3s bebedeira e confus\u00e3o em um hotel em Teresina. A dire\u00e7\u00e3o do hotel [&hellip;]<\/p>\n","protected":false},"author":4,"featured_media":60959,"comment_status":"open","ping_status":"open","sticky":false,"template":"","format":"standard","meta":{"beyondwords_generate_audio":"","beyondwords_project_id":"","beyondwords_podcast_id":"","beyondwords_hash":"","beyondwords_error_message":"","beyondwords_disabled":"","publish_post_to_speechkit":"","speechkit_generate_audio":"","speechkit_project_id":"","speechkit_podcast_id":"","speechkit_hash":"","speechkit_error_message":"","speechkit_disabled":"","speechkit_access_key":"","speechkit_error":"","speechkit_info":"","speechkit_response":"","speechkit_retries":"","_speechkit_link":"","_speechkit_text":""},"categories":[51,78,81],"tags":[5567,122,44,192,72,46,152,2012,5715,119,79,7519,187],"jetpack_featured_media_url":"https:\/\/pinews.com.br\/wp-content\/uploads\/2024\/11\/b1e1ee3783c40f3d1c4e0aa4ef56a8dd.jpg","_links":{"self":[{"href":"https:\/\/pinews.com.br\/index.php\/wp-json\/wp\/v2\/posts\/60958"}],"collection":[{"href":"https:\/\/pinews.com.br\/index.php\/wp-json\/wp\/v2\/posts"}],"about":[{"href":"https:\/\/pinews.com.br\/index.php\/wp-json\/wp\/v2\/types\/post"}],"author":[{"embeddable":true,"href":"https:\/\/pinews.com.br\/index.php\/wp-json\/wp\/v2\/users\/4"}],"replies":[{"embeddable":true,"href":"https:\/\/pinews.com.br\/index.php\/wp-json\/wp\/v2\/comments?post=60958"}],"version-history":[{"count":1,"href":"https:\/\/pinews.com.br\/index.php\/wp-json\/wp\/v2\/posts\/60958\/revisions"}],"predecessor-version":[{"id":60960,"href":"https:\/\/pinews.com.br\/index.php\/wp-json\/wp\/v2\/posts\/60958\/revisions\/60960"}],"wp:featuredmedia":[{"embeddable":true,"href":"https:\/\/pinews.com.br\/index.php\/wp-json\/wp\/v2\/media\/60959"}],"wp:attachment":[{"href":"https:\/\/pinews.com.br\/index.php\/wp-json\/wp\/v2\/media?parent=60958"}],"wp:term":[{"taxonomy":"category","embeddable":true,"href":"https:\/\/pinews.com.br\/index.php\/wp-json\/wp\/v2\/categories?post=60958"},{"taxonomy":"post_tag","embeddable":true,"href":"https:\/\/pinews.com.br\/index.php\/wp-json\/wp\/v2\/tags?post=60958"}],"curies":[{"name":"wp","href":"https:\/\/api.w.org\/{rel}","templated":true}]}}