{"id":60999,"date":"2024-11-12T17:53:03","date_gmt":"2024-11-12T20:53:03","guid":{"rendered":"https:\/\/pinews.com.br\/?p=60999"},"modified":"2024-11-12T17:53:06","modified_gmt":"2024-11-12T20:53:06","slug":"mulher-e-baleada-na-cabeca-apos-disparo-acidental-feito-por-adolescente-de-15-anos-no-piaui","status":"publish","type":"post","link":"https:\/\/pinews.com.br\/index.php\/2024\/11\/12\/mulher-e-baleada-na-cabeca-apos-disparo-acidental-feito-por-adolescente-de-15-anos-no-piaui\/","title":{"rendered":"Mulher \u00e9 baleada na cabe\u00e7a ap\u00f3s disparo acidental feito por adolescente de 15 anos no Piau\u00ed"},"content":{"rendered":"\n<p>Uma mulher de 27 anos, que n\u00e3o teve a identidade revelada, foi internada em estado grave no Hospital Hospital Estadual Dirceu Arcoverde (HEDA), em Parna\u00edba, ap\u00f3s ser atingida por um tiro na cabe\u00e7a. Segundo informa\u00e7\u00f5es da Pol\u00edcia Militar do Piau\u00ed (PM-PI), caso aconteceu no \u00faltimo domingo (10) ap\u00f3s disparo acidental de arma de fogo feito por uma adolescente de 15 anos, vizinha da v\u00edtima.&nbsp;<\/p>\n\n\n\n<p>Conforme relat\u00f3rio de ocorr\u00eancia da PM-PI, a v\u00edtima havia ido passar uma manh\u00e3 de lazer em uma propriedade rec\u00e9m adquirida pela fam\u00edlia da adolescente, localizada no povoado Lama Preta, quando a jovem teria encontrado uma arma em uma casa de taipa e disparado acidentalmente ao manuse\u00e1-la. Segundo a m\u00e3e da adolescente, o armamento pertencia ao antigo dono do imovel.&nbsp;<\/p>\n\n\n\n<p>Ap\u00f3s o disparo, a v\u00edtima foi socorrida e encaminhada para o HEDA, onde permanece hospitalizada em estado grave. J\u00e1 a adolescente foi apreendida pela PM-PI e conduzida at\u00e9 \u00e0 Central de Flagrantes de Parna\u00edba, onde foram realizados todos os procedimentos legais.\u00a0<\/p>\n\n\n\n<p><strong>Fonte: Breno Moreno\/ Cidade Verde <\/strong><\/p>\n","protected":false},"excerpt":{"rendered":"<p>Uma mulher de 27 anos, que n\u00e3o teve a identidade revelada, foi internada em estado grave no Hospital Hospital Estadual Dirceu Arcoverde (HEDA), em Parna\u00edba, ap\u00f3s ser atingida por um tiro na cabe\u00e7a. Segundo informa\u00e7\u00f5es da Pol\u00edcia Militar do Piau\u00ed (PM-PI), caso aconteceu no \u00faltimo domingo (10) ap\u00f3s disparo acidental de arma de fogo feito [&hellip;]<\/p>\n","protected":false},"author":4,"featured_media":61000,"comment_status":"open","ping_status":"open","sticky":false,"template":"","format":"standard","meta":{"beyondwords_generate_audio":"","beyondwords_project_id":"","beyondwords_podcast_id":"","beyondwords_hash":"","beyondwords_error_message":"","beyondwords_disabled":"","publish_post_to_speechkit":"","speechkit_generate_audio":"","speechkit_project_id":"","speechkit_podcast_id":"","speechkit_hash":"","speechkit_error_message":"","speechkit_disabled":"","speechkit_access_key":"","speechkit_error":"","speechkit_info":"","speechkit_response":"","speechkit_retries":"","_speechkit_link":"","_speechkit_text":""},"categories":[51,78],"tags":[180,1816,177,82,70,1789,750,44,1604,72,6819,135,91,52,59],"jetpack_featured_media_url":"https:\/\/pinews.com.br\/wp-content\/uploads\/2024\/11\/Untitled-131.jpg","_links":{"self":[{"href":"https:\/\/pinews.com.br\/index.php\/wp-json\/wp\/v2\/posts\/60999"}],"collection":[{"href":"https:\/\/pinews.com.br\/index.php\/wp-json\/wp\/v2\/posts"}],"about":[{"href":"https:\/\/pinews.com.br\/index.php\/wp-json\/wp\/v2\/types\/post"}],"author":[{"embeddable":true,"href":"https:\/\/pinews.com.br\/index.php\/wp-json\/wp\/v2\/users\/4"}],"replies":[{"embeddable":true,"href":"https:\/\/pinews.com.br\/index.php\/wp-json\/wp\/v2\/comments?post=60999"}],"version-history":[{"count":1,"href":"https:\/\/pinews.com.br\/index.php\/wp-json\/wp\/v2\/posts\/60999\/revisions"}],"predecessor-version":[{"id":61001,"href":"https:\/\/pinews.com.br\/index.php\/wp-json\/wp\/v2\/posts\/60999\/revisions\/61001"}],"wp:featuredmedia":[{"embeddable":true,"href":"https:\/\/pinews.com.br\/index.php\/wp-json\/wp\/v2\/media\/61000"}],"wp:attachment":[{"href":"https:\/\/pinews.com.br\/index.php\/wp-json\/wp\/v2\/media?parent=60999"}],"wp:term":[{"taxonomy":"category","embeddable":true,"href":"https:\/\/pinews.com.br\/index.php\/wp-json\/wp\/v2\/categories?post=60999"},{"taxonomy":"post_tag","embeddable":true,"href":"https:\/\/pinews.com.br\/index.php\/wp-json\/wp\/v2\/tags?post=60999"}],"curies":[{"name":"wp","href":"https:\/\/api.w.org\/{rel}","templated":true}]}}