{"id":61023,"date":"2024-11-13T19:05:25","date_gmt":"2024-11-13T22:05:25","guid":{"rendered":"https:\/\/pinews.com.br\/?p=61023"},"modified":"2024-11-13T19:05:27","modified_gmt":"2024-11-13T22:05:27","slug":"jovem-piauiense-esta-desaparecida-ha-cinco-dias-em-sao-paulo","status":"publish","type":"post","link":"https:\/\/pinews.com.br\/index.php\/2024\/11\/13\/jovem-piauiense-esta-desaparecida-ha-cinco-dias-em-sao-paulo\/","title":{"rendered":"Jovem piauiense est\u00e1 desaparecida h\u00e1 cinco dias em S\u00e3o Paulo"},"content":{"rendered":"\n<p>A piauiense\u00a0L\u00edvia Marques, 18 anos, est\u00e1 desaparecida desde o \u00faltimo s\u00e1bado (09) na cidade de Jardin\u00f3polis\u00a0(SP), distante cerca de 350 quil\u00f4metros de S\u00e3o Paulo, capital. A jovem saiu para trabalhar e n\u00e3o foi mais vista. A fam\u00edlia registrou boletim de ocorr\u00eancia e est\u00e1 aflita por not\u00edcias. A pol\u00edcia civil disse \u00e0 fam\u00edlia que est\u00e1 investigando o caso.<\/p>\n\n\n\n<p>Ela \u00e9 natural do munic\u00edpio de Regenera\u00e7\u00e3o, distante 146 quil\u00f4metros de Teresina, est\u00e1 em Jardin\u00f3polis h\u00e1 cerca de um ano. Ela trabalha em shopping na cidade de Ribeir\u00e3o Preto e faz o percurso de 23 quil\u00f4metros entre as duas cidades todos os dias.<\/p>\n\n\n\n<p>O\u00a0Cidadeverde.com\u00a0conversou com Marcela Silva, prima de L\u00edvia, ela disse que\u00a0a jovem \u00e9 muito respons\u00e1vel e n\u00e3o sumiria sem dar not\u00edcias.<\/p>\n\n\n\n<blockquote class=\"wp-block-quote\">\n<p>&#8220;Ela \u00e9 uma menina muito respons\u00e1vel, come\u00e7ou a morar sozinha h\u00e1 pouco tempo e sai para trabalhar todos os dias. Na \u00faltima sexta-feira eu falei com ela por telefone e estava tudo bem&#8221;, disse.<\/p>\n<\/blockquote>\n\n\n\n<p>A \u00faltima informa\u00e7\u00e3o que se tem de L\u00edvia \u00e9 um v\u00eddeo de circuito interno de seguran\u00e7a, que mostra a jovem saindo de casa no s\u00e1bado (09), por volta de 6h, para ir ao trabalho. Segundo a prima, ela n\u00e3o chegou ao seu local de trabalho.<\/p>\n\n\n\n<p>Para ir de casa ao trabalho, L\u00edvia caminha cerca de tr\u00eas quarteir\u00f5es at\u00e9 o terminal rodovi\u00e1rio, onde pega um \u00f4nibus para Ribeir\u00e3o Preto.<\/p>\n\n\n\n<p>A fam\u00edlia diz que a piauiense estava feliz em S\u00e3o Paulo e estava conseguindo conquistar seu espa\u00e7o.<\/p>\n\n\n\n<blockquote class=\"wp-block-quote\">\n<p>&#8220;Ela estava super feliz, pois estava conseguindo comprar as coisas da casa dela e estava super feliz com isso. Ela estava saindo com um cara, mas ele n\u00e3o queria aceitar o fim&#8221;, finalizou.<\/p>\n<\/blockquote>\n\n\n\n<p><strong>Fonte: Adriana Magalh\u00e3es\/ Cidade Verde <\/strong><\/p>\n","protected":false},"excerpt":{"rendered":"<p>A piauiense\u00a0L\u00edvia Marques, 18 anos, est\u00e1 desaparecida desde o \u00faltimo s\u00e1bado (09) na cidade de Jardin\u00f3polis\u00a0(SP), distante cerca de 350 quil\u00f4metros de S\u00e3o Paulo, capital. A jovem saiu para trabalhar e n\u00e3o foi mais vista. A fam\u00edlia registrou boletim de ocorr\u00eancia e est\u00e1 aflita por not\u00edcias. A pol\u00edcia civil disse \u00e0 fam\u00edlia que est\u00e1 investigando [&hellip;]<\/p>\n","protected":false},"author":4,"featured_media":61024,"comment_status":"open","ping_status":"open","sticky":false,"template":"","format":"standard","meta":{"beyondwords_generate_audio":"","beyondwords_project_id":"","beyondwords_podcast_id":"","beyondwords_hash":"","beyondwords_error_message":"","beyondwords_disabled":"","publish_post_to_speechkit":"","speechkit_generate_audio":"","speechkit_project_id":"","speechkit_podcast_id":"","speechkit_hash":"","speechkit_error_message":"","speechkit_disabled":"","speechkit_access_key":"","speechkit_error":"","speechkit_info":"","speechkit_response":"","speechkit_retries":"","_speechkit_link":"","_speechkit_text":""},"categories":[51,78],"tags":[490,720,787,46,5717,603,266,742,511,362],"jetpack_featured_media_url":"https:\/\/pinews.com.br\/wp-content\/uploads\/2024\/11\/9b9474c46cfff38f1af6d7cb218e9ceb_1.jpg","_links":{"self":[{"href":"https:\/\/pinews.com.br\/index.php\/wp-json\/wp\/v2\/posts\/61023"}],"collection":[{"href":"https:\/\/pinews.com.br\/index.php\/wp-json\/wp\/v2\/posts"}],"about":[{"href":"https:\/\/pinews.com.br\/index.php\/wp-json\/wp\/v2\/types\/post"}],"author":[{"embeddable":true,"href":"https:\/\/pinews.com.br\/index.php\/wp-json\/wp\/v2\/users\/4"}],"replies":[{"embeddable":true,"href":"https:\/\/pinews.com.br\/index.php\/wp-json\/wp\/v2\/comments?post=61023"}],"version-history":[{"count":1,"href":"https:\/\/pinews.com.br\/index.php\/wp-json\/wp\/v2\/posts\/61023\/revisions"}],"predecessor-version":[{"id":61025,"href":"https:\/\/pinews.com.br\/index.php\/wp-json\/wp\/v2\/posts\/61023\/revisions\/61025"}],"wp:featuredmedia":[{"embeddable":true,"href":"https:\/\/pinews.com.br\/index.php\/wp-json\/wp\/v2\/media\/61024"}],"wp:attachment":[{"href":"https:\/\/pinews.com.br\/index.php\/wp-json\/wp\/v2\/media?parent=61023"}],"wp:term":[{"taxonomy":"category","embeddable":true,"href":"https:\/\/pinews.com.br\/index.php\/wp-json\/wp\/v2\/categories?post=61023"},{"taxonomy":"post_tag","embeddable":true,"href":"https:\/\/pinews.com.br\/index.php\/wp-json\/wp\/v2\/tags?post=61023"}],"curies":[{"name":"wp","href":"https:\/\/api.w.org\/{rel}","templated":true}]}}